{"id":2649,"date":"2024-12-27T17:22:59","date_gmt":"2024-12-27T22:22:59","guid":{"rendered":"https:\/\/www.opeluce.com.pe\/blog\/?p=2649"},"modified":"2025-09-23T16:05:55","modified_gmt":"2025-09-23T21:05:55","slug":"uvea-del-ojo","status":"publish","type":"post","link":"https:\/\/www.opeluce.com.pe\/blog\/uvea-del-ojo\/","title":{"rendered":"\u00davea del ojo: \u00bfQu\u00e9 es?, funciones y patolog\u00edas"},"content":{"rendered":"<div id=\"ez-toc-container\" class=\"ez-toc-v2_0_73 ez-toc-wrap-left counter-hierarchy ez-toc-counter ez-toc-custom ez-toc-container-direction\">\n<div class=\"ez-toc-title-container\">\n<p class=\"ez-toc-title\" style=\"cursor:inherit\">Tabla de contenidos<\/p>\n<span class=\"ez-toc-title-toggle\"><a href=\"#\" class=\"ez-toc-pull-right ez-toc-btn ez-toc-btn-xs ez-toc-btn-default ez-toc-toggle\" aria-label=\"Alternar tabla de contenidos\"><span class=\"ez-toc-js-icon-con\"><span class=\"\"><span class=\"eztoc-hide\" style=\"display:none;\">Toggle<\/span><span class=\"ez-toc-icon-toggle-span\"><svg style=\"fill: #626161;color:#626161\" xmlns=\"http:\/\/www.w3.org\/2000\/svg\" class=\"list-377408\" width=\"20px\" height=\"20px\" viewBox=\"0 0 24 24\" fill=\"none\"><path d=\"M6 6H4v2h2V6zm14 0H8v2h12V6zM4 11h2v2H4v-2zm16 0H8v2h12v-2zM4 16h2v2H4v-2zm16 0H8v2h12v-2z\" fill=\"currentColor\"><\/path><\/svg><svg style=\"fill: #626161;color:#626161\" class=\"arrow-unsorted-368013\" xmlns=\"http:\/\/www.w3.org\/2000\/svg\" width=\"10px\" height=\"10px\" viewBox=\"0 0 24 24\" version=\"1.2\" baseProfile=\"tiny\"><path d=\"M18.2 9.3l-6.2-6.3-6.2 6.3c-.2.2-.3.4-.3.7s.1.5.3.7c.2.2.4.3.7.3h11c.3 0 .5-.1.7-.3.2-.2.3-.5.3-.7s-.1-.5-.3-.7zM5.8 14.7l6.2 6.3 6.2-6.3c.2-.2.3-.5.3-.7s-.1-.5-.3-.7c-.2-.2-.4-.3-.7-.3h-11c-.3 0-.5.1-.7.3-.2.2-.3.5-.3.7s.1.5.3.7z\"\/><\/svg><\/span><\/span><\/span><\/a><\/span><\/div>\n<nav><ul class='ez-toc-list ez-toc-list-level-1 ' ><li class='ez-toc-page-1 ez-toc-heading-level-2'><a class=\"ez-toc-link ez-toc-heading-1\" href=\"https:\/\/www.opeluce.com.pe\/blog\/uvea-del-ojo\/#%C2%BFQue_es_la_uvea\" title=\"\u00bfQu\u00e9 es la \u00favea?\">\u00bfQu\u00e9 es la \u00favea?<\/a><\/li><li class='ez-toc-page-1 ez-toc-heading-level-2'><a class=\"ez-toc-link ez-toc-heading-2\" href=\"https:\/\/www.opeluce.com.pe\/blog\/uvea-del-ojo\/#Partes_del_ojo_que_forman_la_uvea\" title=\"Partes del ojo que forman la \u00favea\">Partes del ojo que forman la \u00favea<\/a><\/li><li class='ez-toc-page-1 ez-toc-heading-level-2'><a class=\"ez-toc-link ez-toc-heading-3\" href=\"https:\/\/www.opeluce.com.pe\/blog\/uvea-del-ojo\/#Funciones_de_la_uvea_en_el_sistema_visual\" title=\"Funciones de la \u00favea en el sistema visual\">Funciones de la \u00favea en el sistema visual<\/a><\/li><li class='ez-toc-page-1 ez-toc-heading-level-2'><a class=\"ez-toc-link ez-toc-heading-4\" href=\"https:\/\/www.opeluce.com.pe\/blog\/uvea-del-ojo\/#Enfermedades_relacionadas_con_la_uvea\" title=\"Enfermedades relacionadas con la \u00favea\">Enfermedades relacionadas con la \u00favea<\/a><\/li><li class='ez-toc-page-1 ez-toc-heading-level-2'><a class=\"ez-toc-link ez-toc-heading-5\" href=\"https:\/\/www.opeluce.com.pe\/blog\/uvea-del-ojo\/#Diagnostico_y_tratamiento_de_enfermedades_de_la_uvea\" title=\"Diagn\u00f3stico y tratamiento de enfermedades de la \u00favea\">Diagn\u00f3stico y tratamiento de enfermedades de la \u00favea<\/a><\/li><li class='ez-toc-page-1 ez-toc-heading-level-2'><a class=\"ez-toc-link ez-toc-heading-6\" href=\"https:\/\/www.opeluce.com.pe\/blog\/uvea-del-ojo\/#Preguntas_frecuentes_sobre_la_uvea\" title=\"Preguntas frecuentes sobre la \u00favea\">Preguntas frecuentes sobre la \u00favea<\/a><\/li><li class='ez-toc-page-1 ez-toc-heading-level-2'><a class=\"ez-toc-link ez-toc-heading-7\" href=\"https:\/\/www.opeluce.com.pe\/blog\/uvea-del-ojo\/#La_uvea_Una_pieza_clave_para_tu_vision_que_merece_cuidado\" title=\"La \u00favea: Una pieza clave para tu visi\u00f3n que merece cuidado\">La \u00favea: Una pieza clave para tu visi\u00f3n que merece cuidado<\/a><\/li><\/ul><\/nav><\/div>\n<p><span style=\"font-weight: 400;\">La <\/span><strong>\u00favea<\/strong><span style=\"font-weight: 400;\"> es una de las partes m\u00e1s importantes y, a la vez, menos conocidas <\/span><strong>del ojo<\/strong><span style=\"font-weight: 400;\"> humano. \u00bfSab\u00edas que no solo regula la cantidad de luz que entra al ojo, sino que tambi\u00e9n nutre a otras estructuras internas? Comprender su funcionamiento y las patolog\u00edas que pueden afectarla es el primer paso para cuidar tus ojos y prevenir problemas visuales a largo plazo.<\/span><\/p>\n<p><span style=\"font-weight: 400;\">En este art\u00edculo, te explicaremos todo lo que necesitas saber sobre la<\/span><strong> \u00favea<\/strong><span style=\"font-weight: 400;\">: qu\u00e9 es, cu\u00e1les son sus funciones, las enfermedades m\u00e1s comunes que la afectan. Condiciones como la <\/span><a href=\"https:\/\/www.opeluce.com.pe\/especialidad\/uveitis\/\"><span style=\"font-weight: 400;\">uve\u00edtis<\/span><\/a><span style=\"font-weight: 400;\"> o el <\/span><a href=\"https:\/\/www.opeluce.com.pe\/blog\/glaucoma-como-afecta-vision\/\"><span style=\"font-weight: 400;\">glaucoma<\/span><\/a><span style=\"font-weight: 400;\"> pueden surgir cuando esta parte del ojo se ve comprometida. Si alguna vez has experimentado problemas como dolor ocular, visi\u00f3n borrosa o sensibilidad a la luz, este contenido te ser\u00e1 de gran utilidad para entender la importancia de cuidar esta estructura ocular.\u00a0 \u00a1Contin\u00faa leyendo!<\/span><\/p>\n<p><a href=\"https:\/\/www.opeluce.com.pe\/especialidad\/uveitis\/\">\u25b6 Conoce nuestra especialidad para el tratamiento de uve\u00edtis d\u00e1ndole clic aqu\u00ed<\/a><\/p>\n<h2><span class=\"ez-toc-section\" id=\"%C2%BFQue_es_la_uvea\"><\/span><b>\u00bfQu\u00e9 es la \u00favea?<\/b><span class=\"ez-toc-section-end\"><\/span><\/h2>\n<p><span style=\"font-weight: 400;\">La <\/span><strong>\u00favea<\/strong> <span style=\"font-weight: 400;\">es la capa media del ojo, situada entre la esclera (capa externa blanca) y la retina (capa interna responsable de captar la luz). Es una <\/span><strong>estructura vascular<\/strong><span style=\"font-weight: 400;\">, lo que significa que est\u00e1 formada por numerosos vasos sangu\u00edneos que suministran nutrientes y ox\u00edgeno al ojo.<\/span><\/p>\n<p><span style=\"font-weight: 400;\">La palabra \u00ab<\/span><strong>\u00favea<\/strong><span style=\"font-weight: 400;\">\u00bb tiene su origen en el t\u00e9rmino latino \u00abuva\u00bb, que hace referencia a su aspecto oscuro y globular cuando se examina en secciones transversales del ojo.<\/span><\/p>\n<p><span style=\"font-weight: 400;\">Por su importancia en la estructura ocular, cualquier <\/span><strong>alteraci\u00f3n en la \u00favea<\/strong><span style=\"font-weight: 400;\">, como inflamaciones o enfermedades, puede tener un impacto significativo en la calidad de la visi\u00f3n, lo que la convierte en una parte esencial para el cuidado integral de la salud ocular.<\/span><\/p>\n<p><a href=\"https:\/\/www.opeluce.com.pe\/reservar-cita\/\">\u25b6 Reserva tu cita con uno de nuestros especialistas d\u00e1ndole clic aqu\u00ed<\/a><\/p>\n<h2><span class=\"ez-toc-section\" id=\"Partes_del_ojo_que_forman_la_uvea\"><\/span>Partes del ojo que forman la \u00favea<span class=\"ez-toc-section-end\"><\/span><\/h2>\n<p><span style=\"font-weight: 400;\">La <strong>\u00favea<\/strong> est\u00e1 compuesta por tres estructuras principales que trabajan en conjunto para garantizar el correcto funcionamiento del ojo:<\/span><\/p>\n<ul>\n<li style=\"font-weight: 400;\" aria-level=\"1\"><strong>Iris<\/strong><span style=\"font-weight: 400;\">: Es la parte coloreada del ojo, responsable de controlar la cantidad de luz que entra en el ojo a trav\u00e9s de la pupila. Funciona como el diafragma de una c\u00e1mara fotogr\u00e1fica, ajust\u00e1ndose seg\u00fan las condiciones de iluminaci\u00f3n.<\/span><\/li>\n<li style=\"font-weight: 400;\" aria-level=\"1\"><strong>Cuerpo ciliar<\/strong><span style=\"font-weight: 400;\">: Se encuentra detr\u00e1s del iris y tiene dos funciones clave: producir el humor acuoso (l\u00edquido que nutre y mantiene la presi\u00f3n ocular) y controlar la forma del cristalino para enfocar objetos a distintas distancias.<\/span><\/li>\n<li style=\"font-weight: 400;\" aria-level=\"1\"><strong>Coroides<\/strong><span style=\"font-weight: 400;\">: Es la capa vascular que se sit\u00faa entre la retina y la esclera. Su principal funci\u00f3n es proporcionar ox\u00edgeno y nutrientes a la retina y eliminar desechos metab\u00f3licos.<\/span><\/li>\n<\/ul>\n<p><span style=\"font-weight: 400;\">Estas tres partes forman un sistema integrado que no solo protege al ojo, sino que tambi\u00e9n optimiza su capacidad de adaptaci\u00f3n y mantiene su salud general.<\/span><\/p>\n<h2><span class=\"ez-toc-section\" id=\"Funciones_de_la_uvea_en_el_sistema_visual\"><\/span><b>Funciones de la \u00favea en el sistema visual<\/b><span class=\"ez-toc-section-end\"><\/span><\/h2>\n<p><span style=\"font-weight: 400;\">La <\/span><b>\u00favea<\/b><span style=\"font-weight: 400;\"> desempe\u00f1a varias funciones esenciales en el sistema visual, garantizando tanto la salud ocular como el correcto procesamiento de la luz para la visi\u00f3n. Estas son las principales funciones de la \u00favea:<\/span><\/p>\n<p><strong>Regulaci\u00f3n de la entrada de luz<\/strong><span style=\"font-weight: 400;\"><strong>:<\/strong> El iris, una de las partes de la <\/span><b>\u00favea<\/b><span style=\"font-weight: 400;\">, controla la cantidad de luz que entra en el ojo al ajustar el tama\u00f1o de la pupila seg\u00fan las condiciones de iluminaci\u00f3n. Esto protege la retina de una exposici\u00f3n excesiva a la luz y optimiza la visi\u00f3n en diferentes entornos.<\/span><\/p>\n<p><strong>Mantenimiento de la presi\u00f3n intraocular<\/strong><span style=\"font-weight: 400;\">: A trav\u00e9s del cuerpo ciliar, la <\/span><b>\u00favea <\/b><span style=\"font-weight: 400;\">produce el humor acuoso, un l\u00edquido que no solo nutre estructuras internas del ojo, sino que tambi\u00e9n ayuda a mantener la <\/span><a href=\"https:\/\/www.opeluce.com.pe\/especialidad\/presion-ocular\/\"><span style=\"font-weight: 400;\">presi\u00f3n intraocular<\/span><\/a><span style=\"font-weight: 400;\"> en niveles adecuados, crucial para evitar patolog\u00edas como el <\/span><a href=\"https:\/\/www.opeluce.com.pe\/blog\/glaucoma-como-afecta-vision\/\"><span style=\"font-weight: 400;\">glaucoma<\/span><\/a><span style=\"font-weight: 400;\">.<\/span><\/p>\n<p><strong>Acomodaci\u00f3n visual<\/strong><span style=\"font-weight: 400;\">: El m\u00fasculo ciliar, parte del cuerpo ciliar, ajusta la forma del cristalino para enfocar objetos a diferentes distancias, lo que permite una visi\u00f3n n\u00edtida tanto de cerca como de lejos.<\/span><\/p>\n<p><strong>Suministro de nutrientes y ox\u00edgeno<\/strong><span style=\"font-weight: 400;\">: La coroides, otra parte de la<\/span><b> \u00favea<\/b><span style=\"font-weight: 400;\">, es responsable de transportar ox\u00edgeno y nutrientes a la retina y otras estructuras internas del ojo, fundamentales para su funcionamiento \u00f3ptimo.<\/span><\/p>\n<p><strong>Eliminaci\u00f3n de desechos<\/strong><span style=\"font-weight: 400;\">: Adem\u00e1s de nutrir el ojo, la <\/span><b>\u00favea<\/b><span style=\"font-weight: 400;\"> contribuye a la eliminaci\u00f3n de productos metab\u00f3licos de las estructuras internas, ayudando a mantener un entorno saludable dentro del ojo.<\/span><\/p>\n<p><span style=\"font-weight: 400;\">Estas funciones integrales hacen de la <\/span><b>\u00favea<\/b><span style=\"font-weight: 400;\"> una pieza clave en el sistema visual, cuyo buen estado es esencial para mantener una visi\u00f3n saludable y funcional.<\/span><\/p>\n<p><a href=\"https:\/\/www.opeluce.com.pe\/reservar-cita\/\">\u25b6 \u00bfNecesitas una evaluaci\u00f3n ocular? Dale clic aqu\u00ed y reserva tu cita hoy.<\/a><\/p>\n<h2><span class=\"ez-toc-section\" id=\"Enfermedades_relacionadas_con_la_uvea\"><\/span><b>Enfermedades relacionadas con la \u00favea<\/b><span class=\"ez-toc-section-end\"><\/span><\/h2>\n<p><span style=\"font-weight: 400;\">Las enfermedades que afectan la <\/span><b>\u00favea<\/b><span style=\"font-weight: 400;\">, conocidas como <\/span><b>patolog\u00edas uveales<\/b><span style=\"font-weight: 400;\">, pueden comprometer seriamente la salud ocular y la visi\u00f3n si no se diagnostican y tratan a tiempo. Algunas de las condiciones m\u00e1s comunes incluyen:<\/span><\/p>\n<p><a href=\"https:\/\/www.opeluce.com.pe\/especialidad\/uveitis\/\"><strong>Uve\u00edtis<\/strong><span style=\"font-weight: 400;\"><br \/>\n<\/span><\/a><span style=\"font-weight: 400;\">La uve\u00edtis es una inflamaci\u00f3n de la<\/span> <strong>\u00favea<\/strong><span style=\"font-weight: 400;\"> que puede afectar cualquiera de sus partes: iris, cuerpo ciliar o coroides. Es una de las enfermedades m\u00e1s frecuentes de esta capa ocular y puede tener diversas causas, como infecciones, enfermedades autoinmunes, traumatismos o causas idiop\u00e1ticas. Los s\u00edntomas incluyen enrojecimiento ocular, dolor, sensibilidad a la luz (fotofobia), visi\u00f3n borrosa y, en casos graves, p\u00e9rdida de visi\u00f3n.<\/span><\/p>\n<p><a href=\"https:\/\/www.opeluce.com.pe\/reservar-cita\/\">\u25b6 \u00bfTienes uve\u00edtis? Reserva tu cita con un especialista AQU\u00cd<\/a><\/p>\n<p><strong>Melanoma uveal<\/strong><span style=\"font-weight: 400;\"><br \/>\n<\/span><span style=\"font-weight: 400;\">Es un tipo de c\u00e1ncer ocular que afecta principalmente la coroides, pero tambi\u00e9n puede involucrar el <\/span><strong>iris<\/strong><span style=\"font-weight: 400;\"> y el cuerpo ciliar. Aunque es poco com\u00fan, es la forma m\u00e1s frecuente de tumor intraocular maligno en adultos. Puede ser asintom\u00e1tico en sus primeras etapas, pero en casos avanzados puede causar visi\u00f3n borrosa, sombras en la visi\u00f3n o cambios en el color del iris.<\/span><\/p>\n<p><strong>Degeneraci\u00f3n coroidea<\/strong><span style=\"font-weight: 400;\"><br \/>\n<\/span><span style=\"font-weight: 400;\">Es una condici\u00f3n en la que la coroides pierde progresivamente su capacidad para suministrar ox\u00edgeno y nutrientes a la <\/span><strong>retina<\/strong><span style=\"font-weight: 400;\">. Esto puede ocurrir como parte del envejecimiento o debido a enfermedades subyacentes, como la degeneraci\u00f3n macular asociada a la edad.<\/span><\/p>\n<p><strong>Glaucoma secundario a uve\u00edtis<\/strong><span style=\"font-weight: 400;\"><br \/>\n<\/span><span style=\"font-weight: 400;\">La inflamaci\u00f3n cr\u00f3nica de <\/span><strong>la \u00favea<\/strong> <span style=\"font-weight: 400;\">puede provocar un aumento en la presi\u00f3n intraocular, lo que puede derivar en glaucoma secundario. Si no se controla, esta condici\u00f3n puede da\u00f1ar el <\/span><strong>nervio \u00f3ptico<\/strong><span style=\"font-weight: 400;\"> y llevar a una p\u00e9rdida de visi\u00f3n irreversible.<\/span><\/p>\n<p><b>\u00a0<\/b><a href=\"https:\/\/www.opeluce.com.pe\/reservar-cita\/\">\u25b6 \u00bfTienes glaucoma? Reserva tu cita con un especialista AQU\u00cd<\/a><\/p>\n<p><strong>Infecciones intraoculares<\/strong><span style=\"font-weight: 400;\"><br \/>\n<\/span><span style=\"font-weight: 400;\">Algunas infecciones bacterianas, virales o f\u00fangicas pueden afectar la <\/span><strong>\u00favea<\/strong><span style=\"font-weight: 400;\">. Ejemplos incluyen la <\/span><strong>toxoplasmosis ocular<\/strong><span style=\"font-weight: 400;\"> y el <\/span><strong>herpes ocular<\/strong><span style=\"font-weight: 400;\">, que pueden causar inflamaci\u00f3n significativa en esta capa del ojo.<\/span><\/p>\n<p><strong>S\u00edndrome de Fuchs<\/strong><span style=\"font-weight: 400;\"><br \/>\n<\/span><span style=\"font-weight: 400;\">Es una forma cr\u00f3nica de <\/span><strong>uve\u00edtis<\/strong><span style=\"font-weight: 400;\"> que afecta principalmente al iris. Aunque suele ser asintom\u00e1tico, puede llevar al desarrollo de cataratas o glaucoma si no se trata adecuadamente.<\/span><\/p>\n<p><strong>Retinitis o corioretinitis<\/strong><span style=\"font-weight: 400;\"><br \/>\n<\/span><span style=\"font-weight: 400;\">Aunque afectan principalmente a la retina, estas condiciones suelen estar asociadas con inflamaciones en la coroides, dado que ambas estructuras est\u00e1n estrechamente relacionadas.<\/span><\/p>\n<p><span style=\"font-weight: 400;\">Las enfermedades de la <\/span><strong>\u00favea<\/strong><span style=\"font-weight: 400;\"> pueden tener consecuencias graves si no se identifican y tratan a tiempo. Los s\u00edntomas como visi\u00f3n borrosa, enrojecimiento, dolor ocular o sensibilidad a la luz no deben ignorarse. En <\/span><strong>Opeluce<\/strong><span style=\"font-weight: 400;\">, contamos con especialistas en salud ocular y tecnolog\u00eda avanzada para diagnosticar y tratar estas patolog\u00edas de manera eficaz.\u00a0<\/span><\/p>\n<p><a href=\"https:\/\/www.opeluce.com.pe\/reservar-cita\/\">\u25b6 Reserva tu cita online y cuida tu salud visual con los expertos\u00a0<\/a><\/p>\n<h2><span class=\"ez-toc-section\" id=\"Diagnostico_y_tratamiento_de_enfermedades_de_la_uvea\"><\/span><b>Diagn\u00f3stico y tratamiento de enfermedades de la \u00favea<\/b><span class=\"ez-toc-section-end\"><\/span><\/h2>\n<p><span style=\"font-weight: 400;\">El <\/span><strong>diagn\u00f3stico de las enfermedades de la \u00favea<\/strong><span style=\"font-weight: 400;\"> comienza con una <\/span><strong>evaluaci\u00f3n cl\u00ednica<\/strong><span style=\"font-weight: 400;\"> detallada realizada por un oftalm\u00f3logo sub especialista en \u00favea. Este proceso incluye un <\/span><strong>an\u00e1lisis de los antecedentes m\u00e9dicos del paciente<\/strong><span style=\"font-weight: 400;\">, la descripci\u00f3n de los s\u00edntomas y la b\u00fasqueda de factores desencadenantes como infecciones, traumatismos o enfermedades autoinmunes.\u00a0<\/span><\/p>\n<p><span style=\"font-weight: 400;\">El especialista puede emplear herramientas como la <\/span><strong>l\u00e1mpara de hendidura<\/strong><span style=\"font-weight: 400;\">, que permite observar con precisi\u00f3n las estructuras oculares internas para detectar inflamaci\u00f3n o alteraciones en la \u00favea. Tambi\u00e9n se realizan pruebas como el <\/span><strong>fondo de ojo<\/strong><span style=\"font-weight: 400;\"> para evaluar la retina y la coroides, junto con im\u00e1genes avanzadas como la <\/span><strong>tomograf\u00eda de<\/strong> <strong>coherencia \u00f3ptica<\/strong><span style=\"font-weight: 400;\"> (OCT) y ecograf\u00edas oculares en casos m\u00e1s complejos.<\/span><\/p>\n<p><span style=\"font-weight: 400;\">El <\/span><strong>tratamiento de las enfermedades de la \u00favea<\/strong><span style=\"font-weight: 400;\"> depende de la causa subyacente. En casos de inflamaci\u00f3n, como la <\/span><strong>uve\u00edtis<\/strong><span style=\"font-weight: 400;\"><strong>,<\/strong> los corticosteroides son el tratamiento principal, administrados como gotas oft\u00e1lmicas, inyecciones o medicamentos orales seg\u00fan la gravedad. Si la causa es infecciosa, se utilizan antibi\u00f3ticos, antivirales o antif\u00fangicos espec\u00edficos. Para patolog\u00edas m\u00e1s graves como el <\/span><strong>melanoma uveal<\/strong><span style=\"font-weight: 400;\">, se pueden requerir tratamientos como la radioterapia o la cirug\u00eda, mientras que en enfermedades cr\u00f3nicas autoinmunes, los inmunosupresores ayudan a controlar la respuesta del sistema inmunitario.<\/span><\/p>\n<p><span style=\"font-weight: 400;\">La detecci\u00f3n y el manejo temprano son esenciales para evitar complicaciones graves como el <\/span><strong>glaucoma<\/strong><span style=\"font-weight: 400;\"> o la <\/span><strong>p\u00e9rdida permanente de visi\u00f3n<\/strong><span style=\"font-weight: 400;\">. Si presentas s\u00edntomas como dolor ocular, visi\u00f3n borrosa, enrojecimiento o sensibilidad a la luz, es fundamental buscar atenci\u00f3n m\u00e9dica inmediata. En <\/span><strong>Opeluce<\/strong><span style=\"font-weight: 400;\">, contamos con especialistas capacitados y tecnolog\u00eda avanzada para ofrecer un diagn\u00f3stico y tratamiento personalizados, garantizando el mejor cuidado para tu salud ocular.<\/span><\/p>\n<p><a href=\"https:\/\/www.opeluce.com.pe\/reservar-cita\/\">\u25b6 Reserva tu cita online y cuida tu salud visual con los expertos\u00a0<\/a><\/p>\n<h2><span class=\"ez-toc-section\" id=\"Preguntas_frecuentes_sobre_la_uvea\"><\/span><b>Preguntas frecuentes sobre la \u00favea<\/b><span class=\"ez-toc-section-end\"><\/span><\/h2>\n<p><strong>\u00bfCu\u00e1ndo debo ver a un m\u00e9dico si sospecho un problema en la \u00favea?<\/strong><br \/>\nDebes acudir al m\u00e9dico si experimentas s\u00edntomas como dolor ocular persistente, enrojecimiento, visi\u00f3n borrosa o p\u00e9rdida de visi\u00f3n, sensibilidad a la luz, manchas o destellos en la visi\u00f3n, o cambios visibles en el ojo, como alteraciones en el color del iris o forma irregular de la pupila.<\/p>\n<p>Estos signos pueden indicar problemas en la \u00favea, como uve\u00edtis, glaucoma secundario o incluso condiciones m\u00e1s graves como el melanoma uveal. Dado que estas enfermedades pueden avanzar r\u00e1pidamente y comprometer la visi\u00f3n, es fundamental buscar atenci\u00f3n m\u00e9dica inmediata.<\/p>\n<p><strong>\u00bfLa \u00favea se puede inflamar por infecciones externas?<\/strong><\/p>\n<p>S\u00ed, infecciones como herpes o toxoplasmosis pueden provocar inflamaci\u00f3n en la \u00favea.<\/p>\n<p><strong>\u00bfEl estr\u00e9s puede afectar la \u00favea?<\/strong><\/p>\n<p>Indirectamente, el estr\u00e9s puede influir en enfermedades autoinmunes que afectan la \u00favea.<\/p>\n<p><strong>\u00bfQu\u00e9 sucede si tengo uve\u00edtis recurrente?<\/strong><\/p>\n<p>El m\u00e9dico puede recomendar un tratamiento a largo plazo para controlar la inflamaci\u00f3n y prevenir da\u00f1os oculares.<\/p>\n<p><strong>\u00bfLos ni\u00f1os pueden tener problemas en la \u00favea?<\/strong><\/p>\n<p>S\u00ed, aunque es menos com\u00fan, enfermedades como la uve\u00edtis pueden presentarse en ni\u00f1os.<\/p>\n<p><strong>\u00bfEl diagn\u00f3stico de enfermedades de la \u00favea es doloroso?<\/strong><\/p>\n<p>No, las pruebas diagn\u00f3sticas, como el examen con l\u00e1mpara de hendidura y la OCT, son indoloras.<\/p>\n<p><strong>\u00bfPuedo prevenir enfermedades en la \u00favea?<\/strong><\/p>\n<p>Mantener un estilo de vida saludable, proteger los ojos de lesiones y realizar chequeos oftalmol\u00f3gicos regulares ayudan a prevenir problemas.<\/p>\n<p><strong>\u00bfQu\u00e9 riesgos hay si no trato una enfermedad en la \u00favea?<\/strong><\/p>\n<p>La falta de tratamiento puede llevar a complicaciones graves como p\u00e9rdida permanente de visi\u00f3n.<\/p>\n<p><strong>\u00bfQu\u00e9 s\u00edntomas indican un problema en la \u00favea?<\/strong><\/p>\n<p>Dolor ocular, enrojecimiento, visi\u00f3n borrosa, sensibilidad a la luz y manchas o destellos en la visi\u00f3n son signos comunes.<\/p>\n<p><strong>\u00bfD\u00f3nde puedo tratar problemas de la \u00favea?<\/strong><\/p>\n<p>En Opeluce, contamos con especialistas y tecnolog\u00eda avanzada para diagnosticar y tratar cualquier enfermedad de la \u00favea. <a href=\"https:\/\/www.opeluce.com.pe\/reservar-cita\/\">Agenda tu cita y protege tu visi\u00f3n.<\/a><\/p>\n<h2><span class=\"ez-toc-section\" id=\"La_uvea_Una_pieza_clave_para_tu_vision_que_merece_cuidado\"><\/span><b>La \u00favea: Una pieza clave para tu visi\u00f3n que merece cuidado<\/b><span class=\"ez-toc-section-end\"><\/span><\/h2>\n<p><span style=\"font-weight: 400;\">La <\/span><strong>\u00favea<\/strong><span style=\"font-weight: 400;\"> es una estructura fundamental del ojo que desempe\u00f1a un papel vital en el mantenimiento de una visi\u00f3n saludable y funcional. Desde regular la luz que entra en el ojo hasta nutrir las capas internas, esta parte del sistema visual es clave para el equilibrio y el bienestar ocular. Cuidar la salud de la <\/span><strong>\u00favea<\/strong><span style=\"font-weight: 400;\"> no solo ayuda a prevenir problemas visuales, sino que tambi\u00e9n asegura una calidad de vida mejor al mantener tus ojos en \u00f3ptimas condiciones.<\/span><\/p>\n<p><span style=\"font-weight: 400;\">En <\/span><b>Opeluce<\/b><span style=\"font-weight: 400;\">, estamos comprometidos con el cuidado de tus ojos. Contamos con un equipo de especialistas altamente capacitados y tecnolog\u00eda avanzada para diagnosticar y tratar cualquier <\/span><strong>problema relacionado con la \u00favea<\/strong><span style=\"font-weight: 400;\">. Ya sea para una consulta preventiva o para atender alguna preocupaci\u00f3n espec\u00edfica, estamos aqu\u00ed para ayudarte.<\/span><\/p>\n<p><span style=\"font-weight: 400;\">Vis\u00edtanos en nuestra cl\u00ednica ubicada en<\/span> <strong>Av. Arequipa 1885, Lince &#8211; Lima<\/strong><b>, <\/b><span style=\"font-weight: 400;\">o agenda tu cita de manera r\u00e1pida y sencilla a trav\u00e9s de nuestra plataforma online. No dejes que el tiempo pase sin priorizar tu salud visual. \u00a1Reserva tu cita hoy mismo!<\/span><\/p>\n<p><a href=\"https:\/\/oftalmosalud.pe\/especialidades\/glaucoma\/\" target=\"_blank\" rel=\"noopener\">\u25b6<\/a> <a href=\"https:\/\/www.opeluce.com.pe\/reservar-cita\/\">Reserva tu cita online con un oftalm\u00f3logo especialista<\/a><\/p>\n<p><a href=\"https:\/\/oftalmosalud.pe\/especialidades\/glaucoma\/\" target=\"_blank\" rel=\"noopener\">\u25b6<\/a> <a href=\"https:\/\/www.opeluce.com.pe\/especialidades\/\">Conoce m\u00e1s sobre nuestras especialidades en oftalmolog\u00eda<\/a><\/p>\n","protected":false},"excerpt":{"rendered":"<p>La \u00favea es una de las partes m\u00e1s importantes y, a la vez, menos conocidas del ojo humano. \u00bfSab\u00edas que no solo regula la cantidad de luz que entra al ojo, sino que tambi\u00e9n nutre a otras estructuras internas? Comprender su funcionamiento y las patolog\u00edas que pueden afectarla es el primer paso para cuidar tus [&hellip;]<\/p>\n","protected":false},"author":4,"featured_media":2650,"comment_status":"open","ping_status":"open","sticky":false,"template":"","format":"standard","meta":{"_acf_changed":false,"footnotes":""},"categories":[4],"tags":[],"class_list":["post-2649","post","type-post","status-publish","format-standard","has-post-thumbnail","hentry","category-noticias"],"acf":[],"_links":{"self":[{"href":"https:\/\/www.opeluce.com.pe\/blog\/wp-json\/wp\/v2\/posts\/2649","targetHints":{"allow":["GET"]}}],"collection":[{"href":"https:\/\/www.opeluce.com.pe\/blog\/wp-json\/wp\/v2\/posts"}],"about":[{"href":"https:\/\/www.opeluce.com.pe\/blog\/wp-json\/wp\/v2\/types\/post"}],"author":[{"embeddable":true,"href":"https:\/\/www.opeluce.com.pe\/blog\/wp-json\/wp\/v2\/users\/4"}],"replies":[{"embeddable":true,"href":"https:\/\/www.opeluce.com.pe\/blog\/wp-json\/wp\/v2\/comments?post=2649"}],"version-history":[{"count":2,"href":"https:\/\/www.opeluce.com.pe\/blog\/wp-json\/wp\/v2\/posts\/2649\/revisions"}],"predecessor-version":[{"id":2652,"href":"https:\/\/www.opeluce.com.pe\/blog\/wp-json\/wp\/v2\/posts\/2649\/revisions\/2652"}],"wp:featuredmedia":[{"embeddable":true,"href":"https:\/\/www.opeluce.com.pe\/blog\/wp-json\/wp\/v2\/media\/2650"}],"wp:attachment":[{"href":"https:\/\/www.opeluce.com.pe\/blog\/wp-json\/wp\/v2\/media?parent=2649"}],"wp:term":[{"taxonomy":"category","embeddable":true,"href":"https:\/\/www.opeluce.com.pe\/blog\/wp-json\/wp\/v2\/categories?post=2649"},{"taxonomy":"post_tag","embeddable":true,"href":"https:\/\/www.opeluce.com.pe\/blog\/wp-json\/wp\/v2\/tags?post=2649"}],"curies":[{"name":"wp","href":"https:\/\/api.w.org\/{rel}","templated":true}]}}