{"id":3118,"date":"2025-11-27T20:13:32","date_gmt":"2025-11-28T01:13:32","guid":{"rendered":"https:\/\/www.opeluce.com.pe\/blog\/?p=3118"},"modified":"2025-11-27T20:13:32","modified_gmt":"2025-11-28T01:13:32","slug":"sindrome-de-usher","status":"publish","type":"post","link":"https:\/\/www.opeluce.com.pe\/blog\/sindrome-de-usher\/","title":{"rendered":"S\u00edndrome de Usher: Causas, s\u00edntomas y diagn\u00f3stico"},"content":{"rendered":"<div id=\"ez-toc-container\" class=\"ez-toc-v2_0_73 ez-toc-wrap-left counter-hierarchy ez-toc-counter ez-toc-custom ez-toc-container-direction\">\n<div class=\"ez-toc-title-container\">\n<p class=\"ez-toc-title\" style=\"cursor:inherit\">Tabla de contenidos<\/p>\n<span class=\"ez-toc-title-toggle\"><a href=\"#\" class=\"ez-toc-pull-right ez-toc-btn ez-toc-btn-xs ez-toc-btn-default ez-toc-toggle\" aria-label=\"Alternar tabla de contenidos\"><span class=\"ez-toc-js-icon-con\"><span class=\"\"><span class=\"eztoc-hide\" style=\"display:none;\">Toggle<\/span><span class=\"ez-toc-icon-toggle-span\"><svg style=\"fill: #626161;color:#626161\" xmlns=\"http:\/\/www.w3.org\/2000\/svg\" class=\"list-377408\" width=\"20px\" height=\"20px\" viewBox=\"0 0 24 24\" fill=\"none\"><path d=\"M6 6H4v2h2V6zm14 0H8v2h12V6zM4 11h2v2H4v-2zm16 0H8v2h12v-2zM4 16h2v2H4v-2zm16 0H8v2h12v-2z\" fill=\"currentColor\"><\/path><\/svg><svg style=\"fill: #626161;color:#626161\" class=\"arrow-unsorted-368013\" xmlns=\"http:\/\/www.w3.org\/2000\/svg\" width=\"10px\" height=\"10px\" viewBox=\"0 0 24 24\" version=\"1.2\" baseProfile=\"tiny\"><path d=\"M18.2 9.3l-6.2-6.3-6.2 6.3c-.2.2-.3.4-.3.7s.1.5.3.7c.2.2.4.3.7.3h11c.3 0 .5-.1.7-.3.2-.2.3-.5.3-.7s-.1-.5-.3-.7zM5.8 14.7l6.2 6.3 6.2-6.3c.2-.2.3-.5.3-.7s-.1-.5-.3-.7c-.2-.2-.4-.3-.7-.3h-11c-.3 0-.5.1-.7.3-.2.2-.3.5-.3.7s.1.5.3.7z\"\/><\/svg><\/span><\/span><\/span><\/a><\/span><\/div>\n<nav><ul class='ez-toc-list ez-toc-list-level-1 ' ><li class='ez-toc-page-1 ez-toc-heading-level-2'><a class=\"ez-toc-link ez-toc-heading-1\" href=\"https:\/\/www.opeluce.com.pe\/blog\/sindrome-de-usher\/#%C2%BFQue_es_el_sindrome_de_Usher\" title=\"\u00bfQu\u00e9 es el s\u00edndrome de Usher?\">\u00bfQu\u00e9 es el s\u00edndrome de Usher?<\/a><\/li><li class='ez-toc-page-1 ez-toc-heading-level-2'><a class=\"ez-toc-link ez-toc-heading-2\" href=\"https:\/\/www.opeluce.com.pe\/blog\/sindrome-de-usher\/#Sindrome_de_Usher_y_genetica\" title=\"S\u00edndrome de Usher y gen\u00e9tica\">S\u00edndrome de Usher y gen\u00e9tica<\/a><\/li><li class='ez-toc-page-1 ez-toc-heading-level-2'><a class=\"ez-toc-link ez-toc-heading-3\" href=\"https:\/\/www.opeluce.com.pe\/blog\/sindrome-de-usher\/#Tipos_de_sindrome_de_Usher\" title=\"Tipos de s\u00edndrome de Usher\">Tipos de s\u00edndrome de Usher<\/a><\/li><li class='ez-toc-page-1 ez-toc-heading-level-2'><a class=\"ez-toc-link ez-toc-heading-4\" href=\"https:\/\/www.opeluce.com.pe\/blog\/sindrome-de-usher\/#Causas_del_sindrome_de_Usher\" title=\"Causas del s\u00edndrome de Usher\">Causas del s\u00edndrome de Usher<\/a><\/li><li class='ez-toc-page-1 ez-toc-heading-level-2'><a class=\"ez-toc-link ez-toc-heading-5\" href=\"https:\/\/www.opeluce.com.pe\/blog\/sindrome-de-usher\/#Sintomas_del_sindrome_de_Usher\" title=\"S\u00edntomas del s\u00edndrome de Usher\">S\u00edntomas del s\u00edndrome de Usher<\/a><\/li><li class='ez-toc-page-1 ez-toc-heading-level-2'><a class=\"ez-toc-link ez-toc-heading-6\" href=\"https:\/\/www.opeluce.com.pe\/blog\/sindrome-de-usher\/#Diagnostico_del_sindrome_de_Usher\" title=\"Diagn\u00f3stico del s\u00edndrome de Usher\">Diagn\u00f3stico del s\u00edndrome de Usher<\/a><\/li><li class='ez-toc-page-1 ez-toc-heading-level-2'><a class=\"ez-toc-link ez-toc-heading-7\" href=\"https:\/\/www.opeluce.com.pe\/blog\/sindrome-de-usher\/#Tratamiento_del_sindrome_de_Usher\" title=\"Tratamiento del s\u00edndrome de Usher\">Tratamiento del s\u00edndrome de Usher<\/a><\/li><li class='ez-toc-page-1 ez-toc-heading-level-2'><a class=\"ez-toc-link ez-toc-heading-8\" href=\"https:\/\/www.opeluce.com.pe\/blog\/sindrome-de-usher\/#Preguntas_frecuentes_sobre_el_sindrome_de_Usher\" title=\"Preguntas frecuentes sobre el s\u00edndrome de Usher\">Preguntas frecuentes sobre el s\u00edndrome de Usher<\/a><\/li><li class='ez-toc-page-1 ez-toc-heading-level-2'><a class=\"ez-toc-link ez-toc-heading-9\" href=\"https:\/\/www.opeluce.com.pe\/blog\/sindrome-de-usher\/#La_importancia_de_cuidar_la_vision_ante_el_sindrome_de_Usher\" title=\"La importancia de cuidar la visi\u00f3n ante el s\u00edndrome de Usher\">La importancia de cuidar la visi\u00f3n ante el s\u00edndrome de Usher<\/a><\/li><\/ul><\/nav><\/div>\n<p><span style=\"font-weight: 400;\">El <\/span><strong>s\u00edndrome de Usher<\/strong><span style=\"font-weight: 400;\"> es una condici\u00f3n poco frecuente que afecta a dos sentidos esenciales: la audici\u00f3n y la visi\u00f3n. Aunque muchas veces pasa desapercibida en sus etapas iniciales, con el tiempo puede provocar alteraciones visuales que impactan de manera significativa en la vida diaria.<\/span><\/p>\n<p><span style=\"font-weight: 400;\">Esta enfermedad de origen gen\u00e9tico no solo plantea desaf\u00edos auditivos, sino tambi\u00e9n oftalmol\u00f3gicos, ya que puede alterar progresivamente la capacidad visual y requerir un seguimiento especializado. Comprenderla es el primer paso para detectar a tiempo sus manifestaciones oculares y proteger la salud de los ojos.<\/span><\/p>\n<p><span style=\"font-weight: 400;\">En este art\u00edculo conocer\u00e1s <\/span><strong>qu\u00e9 es el s\u00edndrome de Usher<\/strong><span style=\"font-weight: 400;\">, cu\u00e1les son sus <\/span><strong>principales causas<\/strong><span style=\"font-weight: 400;\">, c\u00f3mo se diagnostica y qu\u00e9 opciones existen para mantener una buena visi\u00f3n a pesar de su avance. <\/span><strong>Sigue leyendo<\/strong><span style=\"font-weight: 400;\"> y descubre por qu\u00e9 la detecci\u00f3n temprana puede marcar una gran diferencia. <\/span><\/p>\n<p><strong><a href=\"https:\/\/www.opeluce.com.pe\/reservar-cita\/\">\u25b6 \u00bfNecesitas una evaluaci\u00f3n ocular? Reserva una cita en Opeluce.<\/a><\/strong><\/p>\n<h2><span class=\"ez-toc-section\" id=\"%C2%BFQue_es_el_sindrome_de_Usher\"><\/span><b>\u00bfQu\u00e9 es el s\u00edndrome de Usher?<\/b><span class=\"ez-toc-section-end\"><\/span><\/h2>\n<p><span style=\"font-weight: 400;\">El <\/span><strong>s\u00edndrome de Usher<\/strong><span style=\"font-weight: 400;\"> es una enfermedad gen\u00e9tica poco com\u00fan que combina p\u00e9rdida auditiva con alteraciones visuales progresivas. Su rasgo m\u00e1s caracter\u00edstico en el \u00e1mbito oftalmol\u00f3gico es la aparici\u00f3n de una <\/span><strong>retinopat\u00eda hereditaria<\/strong><span style=\"font-weight: 400;\">, conocida como <\/span><strong>retinitis pigmentosa<\/strong><span style=\"font-weight: 400;\">, que deteriora de manera lenta pero constante las c\u00e9lulas fotorreceptoras de la retina. Estas c\u00e9lulas son las encargadas de transformar la luz en se\u00f1ales el\u00e9ctricas que el cerebro interpreta como im\u00e1genes, por lo que su da\u00f1o afecta directamente la capacidad de ver.<\/span><\/p>\n<p><span style=\"font-weight: 400;\">En las primeras etapas, las personas con s\u00edndrome de Usher suelen notar <\/span><strong>dificultades para ver en lugares con poca luz<\/strong><span style=\"font-weight: 400;\"> (nictalop\u00eda) o problemas para adaptarse a la oscuridad despu\u00e9s de estar expuestos a la claridad. Con el tiempo, el campo visual se va reduciendo, dando lugar a lo que se conoce como <\/span><strong>visi\u00f3n en t\u00fanel<\/strong><span style=\"font-weight: 400;\">, una sensaci\u00f3n de ver como a trav\u00e9s de un tubo o un peque\u00f1o c\u00edrculo central.<\/span><\/p>\n<p><span style=\"font-weight: 400;\">El ritmo de progresi\u00f3n puede variar seg\u00fan el tipo de s\u00edndrome y el gen afectado, pero en la mayor\u00eda de los casos la p\u00e9rdida visual tiende a avanzar con los a\u00f1os. Este proceso puede influir en la orientaci\u00f3n, la movilidad y la independencia del paciente, especialmente en etapas adultas.<\/span><\/p>\n<p><span style=\"font-weight: 400;\">Aunque el s\u00edndrome de Usher tambi\u00e9n compromete la audici\u00f3n, la <\/span><strong>salud visual<\/strong><span style=\"font-weight: 400;\"> ocupa un lugar central en su manejo, ya que la detecci\u00f3n precoz de los signos retinianos permite ofrecer tratamientos y ayudas visuales que mejoran la calidad de vida. La participaci\u00f3n de un oftalm\u00f3logo especializado en retina es esencial para monitorear la evoluci\u00f3n y orientar al paciente sobre las mejores opciones de cuidado ocular.<\/span><\/p>\n<h2><span class=\"ez-toc-section\" id=\"Sindrome_de_Usher_y_genetica\"><\/span><b>S\u00edndrome de Usher y gen\u00e9tica<\/b><span class=\"ez-toc-section-end\"><\/span><\/h2>\n<p><span style=\"font-weight: 400;\">El <\/span><strong>s\u00edndrome de Usher<\/strong><span style=\"font-weight: 400;\"> tiene un origen gen\u00e9tico claramente identificado. Se transmite de forma <\/span><strong>autos\u00f3mica recesiva<\/strong><span style=\"font-weight: 400;\">, lo que significa que ambos padres son portadores de una copia alterada del gen, aunque no presenten s\u00edntomas. Cuando el hijo hereda las dos copias defectuosas, se desarrolla la enfermedad.<\/span><\/p>\n<p><span style=\"font-weight: 400;\">Desde el punto de vista visual, estas mutaciones gen\u00e9ticas provocan <\/span><strong>anomal\u00edas en las prote\u00ednas esenciales para el funcionamiento de las c\u00e9lulas fotorreceptoras de la <a href=\"https:\/\/www.opeluce.com.pe\/especialidad\/retina\/\">retina<\/a> (los bastones y conos)<\/strong><span style=\"font-weight: 400;\">. Estas c\u00e9lulas son responsables de captar la luz y el color, y enviarlas al cerebro a trav\u00e9s del nervio \u00f3ptico. Cuando las prote\u00ednas no funcionan correctamente, las c\u00e9lulas comienzan a degenerarse, lo que explica la p\u00e9rdida progresiva de visi\u00f3n que caracteriza al s\u00edndrome.<\/span><\/p>\n<p><span style=\"font-weight: 400;\">Entre los genes m\u00e1s estudiados se encuentran <\/span><strong>MYO7A, USH2A, CLRN1, CDH23 y PCDH15<\/strong><span style=\"font-weight: 400;\">, cada uno relacionado con diferentes tipos de Usher. Las mutaciones en estos genes alteran la estructura y estabilidad de las c\u00e9lulas sensoriales del o\u00eddo interno y de la retina, generando una afectaci\u00f3n simult\u00e1nea en ambos sistemas.<\/span><\/p>\n<p><span style=\"font-weight: 400;\">En la actualidad, los avances en gen\u00e9tica permiten no solo confirmar el diagn\u00f3stico, sino tambi\u00e9n <\/span><strong>determinar el tipo espec\u00edfico de s\u00edndrome de Usher<\/strong><span style=\"font-weight: 400;\"> que presenta el paciente. Este conocimiento es clave porque la identificaci\u00f3n del gen afectado puede orientar el pron\u00f3stico visual y abrir la puerta a futuras terapias g\u00e9nicas destinadas a frenar la degeneraci\u00f3n retiniana.<\/span><\/p>\n<p><span style=\"font-weight: 400;\">Si bien todav\u00eda no existe una cura definitiva, el estudio gen\u00e9tico se ha convertido en una herramienta indispensable dentro del cuidado oftalmol\u00f3gico, ya que permite planificar un seguimiento m\u00e1s preciso, anticipar complicaciones visuales y personalizar las estrategias de tratamiento para cada paciente.<\/span><\/p>\n<h2><span class=\"ez-toc-section\" id=\"Tipos_de_sindrome_de_Usher\"><\/span><b>Tipos de s\u00edndrome de Usher<\/b><span class=\"ez-toc-section-end\"><\/span><\/h2>\n<p><span style=\"font-weight: 400;\">Aunque todos los casos de <\/span><strong>s\u00edndrome de Usher<\/strong><span style=\"font-weight: 400;\"> comparten el origen gen\u00e9tico y la combinaci\u00f3n de p\u00e9rdida auditiva con alteraciones visuales, no todos se manifiestan de la misma forma. Existen <\/span><strong>tres tipos principales<\/strong><span style=\"font-weight: 400;\"> \u2014I, II y III\u2014 que se diferencian por la edad de aparici\u00f3n, la severidad de los s\u00edntomas y la velocidad con la que progresa la p\u00e9rdida de visi\u00f3n.<\/span><\/p>\n<p><strong>Tipo I<\/strong><\/p>\n<p><span style=\"font-weight: 400;\">Es la forma m\u00e1s severa del s\u00edndrome. Los ni\u00f1os con este tipo suelen nacer con <\/span><strong>sordera profunda<\/strong><span style=\"font-weight: 400;\"> y presentan dificultades en el equilibrio debido a alteraciones en el o\u00eddo interno. A nivel ocular, la <\/span><strong>retinitis pigmentosa<\/strong><span style=\"font-weight: 400;\"> se manifiesta desde etapas tempranas de la infancia, ocasionando una <\/span><strong>r\u00e1pida p\u00e9rdida de la visi\u00f3n perif\u00e9rica<\/strong><span style=\"font-weight: 400;\">. En muchos casos, los primeros signos aparecen antes de los 10 a\u00f1os, con dificultades para ver en ambientes oscuros o adaptarse a cambios de iluminaci\u00f3n.<\/span><\/p>\n<p><span style=\"font-weight: 400;\">Con el tiempo, la degeneraci\u00f3n retiniana puede avanzar hacia el centro de la visi\u00f3n, limitando de manera significativa la capacidad para realizar actividades cotidianas como leer o reconocer rostros.<\/span><\/p>\n<p><strong>Tipo II<\/strong><\/p>\n<p><span style=\"font-weight: 400;\">Este tipo es m\u00e1s frecuente y se caracteriza por una <\/span><strong>p\u00e9rdida auditiva moderada a severa desde el nacimiento<\/strong><span style=\"font-weight: 400;\">, pero sin afectaci\u00f3n del equilibrio. En el \u00e1mbito visual, los s\u00edntomas suelen aparecer durante la <\/span><strong>adolescencia o adultez temprana<\/strong><span style=\"font-weight: 400;\">, cuando el paciente empieza a notar <\/span><strong>problemas de visi\u00f3n nocturna o una reducci\u00f3n del campo visual<\/strong><span style=\"font-weight: 400;\">.<\/span><\/p>\n<p><span style=\"font-weight: 400;\">La progresi\u00f3n de la retinitis pigmentosa en este grupo suele ser m\u00e1s lenta, pero igualmente requiere controles oftalmol\u00f3gicos peri\u00f3dicos para monitorear el avance de la degeneraci\u00f3n retiniana.<\/span><\/p>\n<p><strong>Tipo III<\/strong><\/p>\n<p><span style=\"font-weight: 400;\">Menos com\u00fan que los anteriores, el tipo III se caracteriza por una <\/span><strong>p\u00e9rdida auditiva y visual progresiva<\/strong><span style=\"font-weight: 400;\">, que puede iniciar en la infancia, adolescencia o incluso en la adultez. En estos casos, la <\/span><strong>retina puede mantener una funci\u00f3n aceptable por varios a\u00f1os<\/strong><span style=\"font-weight: 400;\">, pero los s\u00edntomas visuales se van acentuando con el paso del tiempo.<\/span><\/p>\n<p><span style=\"font-weight: 400;\">Debido a su evoluci\u00f3n variable, los pacientes con tipo III necesitan un <\/span><strong>seguimiento oftalmol\u00f3gico personalizado<\/strong><span style=\"font-weight: 400;\">, ya que la rapidez de la degeneraci\u00f3n visual puede diferir notablemente de una persona a otra.<\/span><\/p>\n<p><span style=\"font-weight: 400;\">En todos los tipos, la afectaci\u00f3n de la retina representa el principal desaf\u00edo visual. La detecci\u00f3n temprana de los cambios retinianos mediante pruebas especializadas, como el <\/span><strong>electrorretinograma (ERG)<\/strong><span style=\"font-weight: 400;\"> o la <\/span><strong>tomograf\u00eda de coherencia \u00f3ptica (OCT)<\/strong><span style=\"font-weight: 400;\">, permite establecer un plan de manejo adecuado para conservar la mayor agudeza visual posible.<\/span><\/p>\n<p><strong><a href=\"https:\/\/www.opeluce.com.pe\/especialidades\/\">\u25b6 \u00bfNecesitas una evaluaci\u00f3n especializada? Reserva una cita en Opeluce.<\/a><\/strong><\/p>\n<h2><span class=\"ez-toc-section\" id=\"Causas_del_sindrome_de_Usher\"><\/span><b>Causas del s\u00edndrome de Usher<\/b><span class=\"ez-toc-section-end\"><\/span><\/h2>\n<p><span style=\"font-weight: 400;\">El <\/span><strong>s\u00edndrome de Usher<\/strong><span style=\"font-weight: 400;\"> es una enfermedad de origen gen\u00e9tico causada por mutaciones en ciertos genes que intervienen en el funcionamiento del o\u00eddo interno y la retina. Estas alteraciones impiden que las c\u00e9lulas sensoriales cumplan correctamente su funci\u00f3n, provocando tanto p\u00e9rdida auditiva como visual.<\/span><\/p>\n<p><span style=\"font-weight: 400;\">Las principales causas relacionadas son:<\/span><\/p>\n<ul>\n<li style=\"font-weight: 400;\" aria-level=\"1\"><span style=\"font-weight: 400;\">Mutaciones gen\u00e9ticas hereditarias transmitidas por ambos padres portadores, aunque ellos no presenten s\u00edntomas.<\/span><\/li>\n<li style=\"font-weight: 400;\" aria-level=\"1\"><span style=\"font-weight: 400;\">Degeneraci\u00f3n progresiva de las c\u00e9lulas fotorreceptoras de la retina, responsables de captar la luz y las im\u00e1genes.<\/span><\/li>\n<li style=\"font-weight: 400;\" aria-level=\"1\"><span style=\"font-weight: 400;\">Alteraciones en prote\u00ednas esenciales para mantener la estructura y funci\u00f3n de la retina.<\/span><\/li>\n<li style=\"font-weight: 400;\" aria-level=\"1\"><span style=\"font-weight: 400;\">Factores ambientales secundarios, como la exposici\u00f3n solar excesiva sin protecci\u00f3n o el tabaquismo, que pueden acelerar el da\u00f1o visual.<\/span><\/li>\n<\/ul>\n<p><span style=\"font-weight: 400;\">Si bien el componente gen\u00e9tico es la base del s\u00edndrome, la <\/span><strong>evoluci\u00f3n ocular<\/strong><span style=\"font-weight: 400;\"> var\u00eda entre pacientes. Por ello, los controles oftalmol\u00f3gicos peri\u00f3dicos son esenciales para evaluar la progresi\u00f3n de la enfermedad y proteger la salud visual. <\/span><\/p>\n<p><strong><a href=\"https:\/\/www.opeluce.com.pe\/reservar-cita\/\">\u25b6 Agenda tu cita con nosotros y protege tu salud ocular hoy<\/a><\/strong><\/p>\n<h2><span class=\"ez-toc-section\" id=\"Sintomas_del_sindrome_de_Usher\"><\/span><b>S\u00edntomas del s\u00edndrome de Usher<\/b><span class=\"ez-toc-section-end\"><\/span><\/h2>\n<p><span style=\"font-weight: 400;\">Los <\/span><strong>s\u00edntomas del s\u00edndrome de Usher<\/strong><span style=\"font-weight: 400;\"> pueden variar seg\u00fan el tipo y la severidad de la enfermedad, pero en todos los casos existe una afectaci\u00f3n progresiva de la visi\u00f3n que suele comenzar en etapas tempranas de la vida. En la mayor\u00eda de los pacientes, las manifestaciones visuales son consecuencia directa de la <\/span><strong>retinitis pigmentosa<\/strong><span style=\"font-weight: 400;\">, una alteraci\u00f3n degenerativa de la retina que deteriora gradualmente las c\u00e9lulas encargadas de captar la luz.<\/span><\/p>\n<p><span style=\"font-weight: 400;\">Los principales signos oculares incluyen:<\/span><\/p>\n<ul>\n<li style=\"font-weight: 400;\" aria-level=\"1\"><strong>Dificultad para ver en lugares con poca luz<\/strong><span style=\"font-weight: 400;\"> o de noche (nictalop\u00eda). Este suele ser uno de los primeros s\u00edntomas visuales.<\/span><\/li>\n<li style=\"font-weight: 400;\" aria-level=\"1\"><strong>P\u00e9rdida progresiva del campo visual perif\u00e9rico<\/strong><span style=\"font-weight: 400;\">, conocida como visi\u00f3n en t\u00fanel, que genera la sensaci\u00f3n de ver a trav\u00e9s de un espacio reducido.<\/span><\/li>\n<li style=\"font-weight: 400;\" aria-level=\"1\"><strong>Problemas de adaptaci\u00f3n a los cambios de iluminaci\u00f3n<\/strong><span style=\"font-weight: 400;\">, por ejemplo, al pasar de un ambiente oscuro a uno iluminado o viceversa.<\/span><\/li>\n<li style=\"font-weight: 400;\" aria-level=\"1\"><strong>Disminuci\u00f3n de la agudeza visual<\/strong><span style=\"font-weight: 400;\"> con el paso del tiempo, especialmente en las fases m\u00e1s avanzadas.<\/span><\/li>\n<li style=\"font-weight: 400;\" aria-level=\"1\"><span style=\"font-weight: 400;\">En algunos casos, <\/span><strong>sensibilidad a la luz intensa (fotofobia)<\/strong><span style=\"font-weight: 400;\"> o dificultad para distinguir colores.<\/span><span style=\"font-weight: 400;\">\n<p><\/span><\/li>\n<\/ul>\n<p><span style=\"font-weight: 400;\">La progresi\u00f3n visual puede ser lenta y pasar inadvertida durante varios a\u00f1os, lo que retrasa el diagn\u00f3stico. Por ello, cualquier se\u00f1al de disminuci\u00f3n de la visi\u00f3n nocturna o p\u00e9rdida de visi\u00f3n lateral debe ser motivo para acudir a una evaluaci\u00f3n oftalmol\u00f3gica especializada.<\/span><\/p>\n<p><span style=\"font-weight: 400;\">A medida que la enfermedad avanza, los pacientes pueden presentar <\/span><strong>limitaciones para orientarse, leer o reconocer rostros<\/strong><span style=\"font-weight: 400;\">, lo que afecta su independencia y calidad de vida. Sin embargo, un diagn\u00f3stico temprano y un seguimiento regular permiten implementar medidas que ayudan a conservar la funci\u00f3n visual durante m\u00e1s tiempo.<\/span><\/p>\n<h2><span class=\"ez-toc-section\" id=\"Diagnostico_del_sindrome_de_Usher\"><\/span><b>Diagn\u00f3stico del s\u00edndrome de Usher<\/b><span class=\"ez-toc-section-end\"><\/span><\/h2>\n<p><span style=\"font-weight: 400;\">El <\/span><strong>diagn\u00f3stico del s\u00edndrome de Usher<\/strong><span style=\"font-weight: 400;\"> se basa en la combinaci\u00f3n de evaluaciones auditivas y, sobre todo, <\/span><strong>oftalmol\u00f3gicas<\/strong><span style=\"font-weight: 400;\">, ya que los cambios en la retina suelen ser determinantes para confirmar la enfermedad.<\/span><\/p>\n<p><span style=\"font-weight: 400;\">En la revisi\u00f3n ocular, el <\/span><strong>fondo de ojo<\/strong><span style=\"font-weight: 400;\"> permite detectar signos caracter\u00edsticos de <\/span><strong>retinitis pigmentosa<\/strong><span style=\"font-weight: 400;\">, como pigmentos oscuros y adelgazamiento de los vasos retinianos. Adem\u00e1s, pruebas como la <\/span><strong><a href=\"https:\/\/www.opeluce.com.pe\/blog\/tomografia-de-coherencia-optica\/\">tomograf\u00eda de coherencia \u00f3ptica (OCT)<\/a><\/strong><span style=\"font-weight: 400;\"> y el <\/span><strong>electrorretinograma (ERG)<\/strong><span style=\"font-weight: 400;\"> permiten evaluar el grado de da\u00f1o en las c\u00e9lulas fotorreceptoras y monitorear la evoluci\u00f3n visual con precisi\u00f3n.<\/span><\/p>\n<p><span style=\"font-weight: 400;\">Las <\/span><strong>pruebas gen\u00e9ticas<\/strong><span style=\"font-weight: 400;\"> complementan el diagn\u00f3stico al identificar el gen alterado responsable de la enfermedad, ayudando a orientar el pron\u00f3stico y brindar asesoramiento familiar.<\/span><\/p>\n<p><span style=\"font-weight: 400;\">Realizar <\/span><strong><a href=\"https:\/\/www.opeluce.com.pe\/reservar-cita\/\">evaluaciones oftalmol\u00f3gicas peri\u00f3dicas<\/a><\/strong><span style=\"font-weight: 400;\"> es esencial para detectar el s\u00edndrome de Usher a tiempo y actuar antes de que la p\u00e9rdida visual avance. Contar con el apoyo de un centro especializado como <\/span><strong>Opeluce<\/strong><span style=\"font-weight: 400;\">, que dispone de tecnolog\u00eda avanzada y especialistas en retina, garantiza un diagn\u00f3stico confiable y un seguimiento visual integral.<\/span><\/p>\n<h2><span class=\"ez-toc-section\" id=\"Tratamiento_del_sindrome_de_Usher\"><\/span><b>Tratamiento del s\u00edndrome de Usher<\/b><span class=\"ez-toc-section-end\"><\/span><\/h2>\n<p><span style=\"font-weight: 400;\">Aunque el <\/span><strong>s\u00edndrome de Usher<\/strong><span style=\"font-weight: 400;\"> no tiene una cura definitiva, los avances m\u00e9dicos han permitido desarrollar estrategias que ayudan a <\/span><strong>ralentizar la progresi\u00f3n visual<\/strong><span style=\"font-weight: 400;\"> y mejorar la calidad de vida de los pacientes. El objetivo principal del tratamiento es <\/span><strong>preservar la funci\u00f3n de la retina<\/strong><span style=\"font-weight: 400;\"> y mantener la mayor capacidad visual posible durante el mayor tiempo.<\/span><\/p>\n<p><span style=\"font-weight: 400;\">Entre las medidas m\u00e1s importantes se incluyen<\/span><\/p>\n<ul>\n<li style=\"font-weight: 400;\" aria-level=\"1\"><strong>Suplementos y protecci\u00f3n ocular:<\/strong><span style=\"font-weight: 400;\"> en algunos casos, el uso controlado de antioxidantes (como la vitamina A, bajo indicaci\u00f3n m\u00e9dica) puede contribuir a proteger las c\u00e9lulas fotorreceptoras. Adem\u00e1s, se recomienda el uso diario de <\/span><strong>gafas con filtro UV<\/strong><span style=\"font-weight: 400;\"> para evitar da\u00f1os adicionales por la radiaci\u00f3n solar.<\/span><\/li>\n<li style=\"font-weight: 400;\" aria-level=\"1\"><strong>Ayudas \u00f3pticas y rehabilitaci\u00f3n visual:<\/strong><span style=\"font-weight: 400;\"> existen dispositivos y t\u00e9cnicas que facilitan la lectura, la orientaci\u00f3n y las tareas cotidianas, como lupas electr\u00f3nicas, filtros especiales y programas de entrenamiento visual.<\/span><\/li>\n<li style=\"font-weight: 400;\" aria-level=\"1\"><strong>Terapias g\u00e9nicas e investigaciones:<\/strong><span style=\"font-weight: 400;\"> actualmente se desarrollan tratamientos experimentales que buscan reemplazar o corregir los genes defectuosos responsables de la degeneraci\u00f3n retiniana. Aunque a\u00fan se encuentran en fase de estudio, representan una esperanza para el futuro del manejo visual en pacientes con s\u00edndrome de Usher.<\/span><\/li>\n<li style=\"font-weight: 400;\" aria-level=\"1\"><strong>Control oftalmol\u00f3gico regular:<\/strong><span style=\"font-weight: 400;\"> los ex\u00e1menes peri\u00f3dicos permiten detectar de manera temprana cualquier cambio en la retina y adaptar las estrategias de manejo a la evoluci\u00f3n del paciente.<\/span><\/li>\n<\/ul>\n<p><span style=\"font-weight: 400;\">El acompa\u00f1amiento por parte de un <\/span><strong>oftalm\u00f3logo especializado en retina<\/strong><span style=\"font-weight: 400;\"> es fundamental para ajustar el tratamiento de forma individualizada y orientar al paciente sobre los cuidados m\u00e1s adecuados.<\/span><\/p>\n<h2><span class=\"ez-toc-section\" id=\"Preguntas_frecuentes_sobre_el_sindrome_de_Usher\"><\/span><b>Preguntas frecuentes sobre el s\u00edndrome de Usher<\/b><span class=\"ez-toc-section-end\"><\/span><\/h2>\n<p><strong>\u00bfA qu\u00e9 edad aparecen los primeros s\u00edntomas visuales?<\/strong><br \/>\n<span style=\"font-weight: 400;\">Depende del tipo de s\u00edndrome de Usher. En los casos m\u00e1s severos, los s\u00edntomas oculares pueden comenzar en la ni\u00f1ez, mientras que en otros tipos aparecen durante la adolescencia o la adultez temprana. En general, los primeros signos suelen ser dificultad para ver en lugares oscuros y una visi\u00f3n lateral reducida.<\/span><\/p>\n<p><strong>\u00bfEl s\u00edndrome de Usher puede causar ceguera total?<\/strong><br \/>\n<span style=\"font-weight: 400;\">La p\u00e9rdida de visi\u00f3n var\u00eda entre pacientes. En la mayor\u00eda de los casos, la degeneraci\u00f3n de la retina provoca una visi\u00f3n en t\u00fanel o una disminuci\u00f3n importante del campo visual, pero muchas personas conservan visi\u00f3n \u00fatil por varios a\u00f1os, especialmente si reciben seguimiento y cuidados oftalmol\u00f3gicos adecuados.<\/span><\/p>\n<p><strong>\u00bfPor qu\u00e9 es importante realizar evaluaciones oftalmol\u00f3gicas peri\u00f3dicas?<\/strong><br \/>\n<span style=\"font-weight: 400;\">Porque los cambios en la retina pueden detectarse incluso antes de que el paciente note los s\u00edntomas. Los controles visuales regulares permiten actuar a tiempo, proteger las \u00e1reas retinianas funcionales y adaptar las estrategias de tratamiento seg\u00fan la evoluci\u00f3n.<\/span><\/p>\n<p><strong>\u00bfD\u00f3nde puedo acudir para una evaluaci\u00f3n especializada?<\/strong><\/p>\n<p><span style=\"font-weight: 400;\">En Opeluce, contamos con tecnolog\u00eda avanzada y especialistas en retina capaces de detectar enfermedades hereditarias como el s\u00edndrome de Usher en sus etapas iniciales. Un diagn\u00f3stico temprano marca la diferencia en la preservaci\u00f3n de la visi\u00f3n y en la planificaci\u00f3n de un tratamiento integral.<\/span><\/p>\n<h2><span class=\"ez-toc-section\" id=\"La_importancia_de_cuidar_la_vision_ante_el_sindrome_de_Usher\"><\/span><b>La importancia de cuidar la visi\u00f3n ante el s\u00edndrome de Usher<\/b><span class=\"ez-toc-section-end\"><\/span><\/h2>\n<p><span style=\"font-weight: 400;\">El <\/span><strong>s\u00edndrome de Usher<\/strong><span style=\"font-weight: 400;\"> representa un desaf\u00edo tanto para la audici\u00f3n como para la vista, pero es en la salud ocular donde la detecci\u00f3n temprana puede marcar una diferencia decisiva. Identificar los primeros signos de p\u00e9rdida visual y mantener un control constante con un especialista en retina son pasos fundamentales para preservar la visi\u00f3n y la autonom\u00eda del paciente.<\/span><\/p>\n<p><span style=\"font-weight: 400;\">Aunque actualmente no exista una cura definitiva, los avances en diagn\u00f3stico, rehabilitaci\u00f3n y gen\u00e9tica ofrecen cada vez m\u00e1s herramientas para mejorar la calidad de vida. El acompa\u00f1amiento m\u00e9dico, la educaci\u00f3n visual y la orientaci\u00f3n profesional permiten que las personas con esta condici\u00f3n se adapten mejor a los cambios y mantengan una visi\u00f3n funcional durante m\u00e1s tiempo.<\/span><\/p>\n<p><span style=\"font-weight: 400;\">Si notas <\/span><strong>dificultad para ver de noche, reducci\u00f3n del campo visual<\/strong><span style=\"font-weight: 400;\"> o tienes antecedentes familiares de enfermedades oculares hereditarias, <\/span><strong>no esperes m\u00e1s<\/strong><span style=\"font-weight: 400;\">. <\/span><strong><a href=\"https:\/\/www.opeluce.com.pe\/reservar-cita\/\">Agenda una evaluaci\u00f3n especializada en Opeluce<\/a><\/strong><span style=\"font-weight: 400;\"> y recibe atenci\u00f3n personalizada de expertos en retina y diagn\u00f3stico ocular avanzado. Cuidar tu visi\u00f3n hoy puede hacer una gran diferencia ma\u00f1ana.<\/span><\/p>\n<p><strong>\ud83d\udcde <\/strong><a href=\"https:\/\/www.opeluce.com.pe\/reservar-cita\/\"><strong>Reserva tu cita llamando al (01) 206-4700<\/strong><span style=\"font-weight: 400;\"><br \/>\n<\/span><\/a><span style=\"font-weight: 400;\"> \ud83d\udccd Estamos ubicados en Av. Arequipa 1885 Lince &#8211; Lima<\/span><\/p>\n<p>&nbsp;<\/p>\n","protected":false},"excerpt":{"rendered":"<p>El s\u00edndrome de Usher es una condici\u00f3n poco frecuente que afecta a dos sentidos esenciales: la audici\u00f3n y la visi\u00f3n. Aunque muchas veces pasa desapercibida en sus etapas iniciales, con el tiempo puede provocar alteraciones visuales que impactan de manera significativa en la vida diaria. Esta enfermedad de origen gen\u00e9tico no solo plantea desaf\u00edos auditivos, [&hellip;]<\/p>\n","protected":false},"author":4,"featured_media":3119,"comment_status":"open","ping_status":"open","sticky":false,"template":"","format":"standard","meta":{"_acf_changed":false,"footnotes":""},"categories":[4],"tags":[],"class_list":["post-3118","post","type-post","status-publish","format-standard","has-post-thumbnail","hentry","category-noticias"],"acf":[],"_links":{"self":[{"href":"https:\/\/www.opeluce.com.pe\/blog\/wp-json\/wp\/v2\/posts\/3118","targetHints":{"allow":["GET"]}}],"collection":[{"href":"https:\/\/www.opeluce.com.pe\/blog\/wp-json\/wp\/v2\/posts"}],"about":[{"href":"https:\/\/www.opeluce.com.pe\/blog\/wp-json\/wp\/v2\/types\/post"}],"author":[{"embeddable":true,"href":"https:\/\/www.opeluce.com.pe\/blog\/wp-json\/wp\/v2\/users\/4"}],"replies":[{"embeddable":true,"href":"https:\/\/www.opeluce.com.pe\/blog\/wp-json\/wp\/v2\/comments?post=3118"}],"version-history":[{"count":1,"href":"https:\/\/www.opeluce.com.pe\/blog\/wp-json\/wp\/v2\/posts\/3118\/revisions"}],"predecessor-version":[{"id":3120,"href":"https:\/\/www.opeluce.com.pe\/blog\/wp-json\/wp\/v2\/posts\/3118\/revisions\/3120"}],"wp:featuredmedia":[{"embeddable":true,"href":"https:\/\/www.opeluce.com.pe\/blog\/wp-json\/wp\/v2\/media\/3119"}],"wp:attachment":[{"href":"https:\/\/www.opeluce.com.pe\/blog\/wp-json\/wp\/v2\/media?parent=3118"}],"wp:term":[{"taxonomy":"category","embeddable":true,"href":"https:\/\/www.opeluce.com.pe\/blog\/wp-json\/wp\/v2\/categories?post=3118"},{"taxonomy":"post_tag","embeddable":true,"href":"https:\/\/www.opeluce.com.pe\/blog\/wp-json\/wp\/v2\/tags?post=3118"}],"curies":[{"name":"wp","href":"https:\/\/api.w.org\/{rel}","templated":true}]}}