{"id":3248,"date":"2026-03-09T19:02:49","date_gmt":"2026-03-10T00:02:49","guid":{"rendered":"https:\/\/www.opeluce.com.pe\/blog\/?p=3248"},"modified":"2026-03-09T19:05:18","modified_gmt":"2026-03-10T00:05:18","slug":"cuidados-de-la-vista","status":"publish","type":"post","link":"https:\/\/www.opeluce.com.pe\/blog\/cuidados-de-la-vista\/","title":{"rendered":"Cuidados de la vista: Fatiga Visual Digital y la protecci\u00f3n UV"},"content":{"rendered":"<div id=\"ez-toc-container\" class=\"ez-toc-v2_0_73 ez-toc-wrap-left counter-hierarchy ez-toc-counter ez-toc-custom ez-toc-container-direction\">\n<div class=\"ez-toc-title-container\">\n<p class=\"ez-toc-title\" style=\"cursor:inherit\">Tabla de contenidos<\/p>\n<span class=\"ez-toc-title-toggle\"><a href=\"#\" class=\"ez-toc-pull-right ez-toc-btn ez-toc-btn-xs ez-toc-btn-default ez-toc-toggle\" aria-label=\"Alternar tabla de contenidos\"><span class=\"ez-toc-js-icon-con\"><span class=\"\"><span class=\"eztoc-hide\" style=\"display:none;\">Toggle<\/span><span class=\"ez-toc-icon-toggle-span\"><svg style=\"fill: #626161;color:#626161\" xmlns=\"http:\/\/www.w3.org\/2000\/svg\" class=\"list-377408\" width=\"20px\" height=\"20px\" viewBox=\"0 0 24 24\" fill=\"none\"><path d=\"M6 6H4v2h2V6zm14 0H8v2h12V6zM4 11h2v2H4v-2zm16 0H8v2h12v-2zM4 16h2v2H4v-2zm16 0H8v2h12v-2z\" fill=\"currentColor\"><\/path><\/svg><svg style=\"fill: #626161;color:#626161\" class=\"arrow-unsorted-368013\" xmlns=\"http:\/\/www.w3.org\/2000\/svg\" width=\"10px\" height=\"10px\" viewBox=\"0 0 24 24\" version=\"1.2\" baseProfile=\"tiny\"><path d=\"M18.2 9.3l-6.2-6.3-6.2 6.3c-.2.2-.3.4-.3.7s.1.5.3.7c.2.2.4.3.7.3h11c.3 0 .5-.1.7-.3.2-.2.3-.5.3-.7s-.1-.5-.3-.7zM5.8 14.7l6.2 6.3 6.2-6.3c.2-.2.3-.5.3-.7s-.1-.5-.3-.7c-.2-.2-.4-.3-.7-.3h-11c-.3 0-.5.1-.7.3-.2.2-.3.5-.3.7s.1.5.3.7z\"\/><\/svg><\/span><\/span><\/span><\/a><\/span><\/div>\n<nav><ul class='ez-toc-list ez-toc-list-level-1 ' ><li class='ez-toc-page-1 ez-toc-heading-level-2'><a class=\"ez-toc-link ez-toc-heading-1\" href=\"https:\/\/www.opeluce.com.pe\/blog\/cuidados-de-la-vista\/#%C2%BFPor_que_son_fundamentales_los_cuidados_de_la_vista_hoy\" title=\"\u00bfPor qu\u00e9 son fundamentales los cuidados de la vista hoy?\">\u00bfPor qu\u00e9 son fundamentales los cuidados de la vista hoy?<\/a><\/li><li class='ez-toc-page-1 ez-toc-heading-level-2'><a class=\"ez-toc-link ez-toc-heading-2\" href=\"https:\/\/www.opeluce.com.pe\/blog\/cuidados-de-la-vista\/#Fatiga_visual_digital_que_es_y_por_que_ocurre\" title=\"Fatiga visual digital: qu\u00e9 es y por qu\u00e9 ocurre\">Fatiga visual digital: qu\u00e9 es y por qu\u00e9 ocurre<\/a><ul class='ez-toc-list-level-3' ><li class='ez-toc-heading-level-3'><a class=\"ez-toc-link ez-toc-heading-3\" href=\"https:\/\/www.opeluce.com.pe\/blog\/cuidados-de-la-vista\/#%C2%BFQue_es_la_fatiga_visual_digital\" title=\"\u00bfQu\u00e9 es la fatiga visual digital?\">\u00bfQu\u00e9 es la fatiga visual digital?<\/a><\/li><li class='ez-toc-page-1 ez-toc-heading-level-3'><a class=\"ez-toc-link ez-toc-heading-4\" href=\"https:\/\/www.opeluce.com.pe\/blog\/cuidados-de-la-vista\/#Sintomas_mas_frecuentes\" title=\"S\u00edntomas m\u00e1s frecuentes\">S\u00edntomas m\u00e1s frecuentes<\/a><\/li><li class='ez-toc-page-1 ez-toc-heading-level-3'><a class=\"ez-toc-link ez-toc-heading-5\" href=\"https:\/\/www.opeluce.com.pe\/blog\/cuidados-de-la-vista\/#%C2%BFPor_que_se_produce_la_fatiga_visual_digital\" title=\"\u00bfPor qu\u00e9 se produce la fatiga visual digital?\">\u00bfPor qu\u00e9 se produce la fatiga visual digital?<\/a><\/li><\/ul><\/li><li class='ez-toc-page-1 ez-toc-heading-level-2'><a class=\"ez-toc-link ez-toc-heading-6\" href=\"https:\/\/www.opeluce.com.pe\/blog\/cuidados-de-la-vista\/#Formas_de_cuidar_la_vista_frente_a_las_pantallas\" title=\"Formas de cuidar la vista frente a las pantallas\">Formas de cuidar la vista frente a las pantallas<\/a><\/li><li class='ez-toc-page-1 ez-toc-heading-level-2'><a class=\"ez-toc-link ez-toc-heading-7\" href=\"https:\/\/www.opeluce.com.pe\/blog\/cuidados-de-la-vista\/#Proteccion_UV_un_cuidado_de_la_vista_que_muchos_ignoran\" title=\"Protecci\u00f3n UV: un cuidado de la vista que muchos ignoran\">Protecci\u00f3n UV: un cuidado de la vista que muchos ignoran<\/a><ul class='ez-toc-list-level-3' ><li class='ez-toc-heading-level-3'><a class=\"ez-toc-link ez-toc-heading-8\" href=\"https:\/\/www.opeluce.com.pe\/blog\/cuidados-de-la-vista\/#%C2%BFComo_afecta_la_radiacion_UV_a_los_ojos\" title=\"\u00bfC\u00f3mo afecta la radiaci\u00f3n UV a los ojos?\">\u00bfC\u00f3mo afecta la radiaci\u00f3n UV a los ojos?<\/a><\/li><li class='ez-toc-page-1 ez-toc-heading-level-3'><a class=\"ez-toc-link ez-toc-heading-9\" href=\"https:\/\/www.opeluce.com.pe\/blog\/cuidados-de-la-vista\/#%C2%BFCuando_estamos_mas_expuestos\" title=\"\u00bfCu\u00e1ndo estamos m\u00e1s expuestos?\">\u00bfCu\u00e1ndo estamos m\u00e1s expuestos?<\/a><\/li><li class='ez-toc-page-1 ez-toc-heading-level-3'><a class=\"ez-toc-link ez-toc-heading-10\" href=\"https:\/\/www.opeluce.com.pe\/blog\/cuidados-de-la-vista\/#Medidas_efectivas_de_proteccion\" title=\"Medidas efectivas de protecci\u00f3n\">Medidas efectivas de protecci\u00f3n<\/a><\/li><\/ul><\/li><li class='ez-toc-page-1 ez-toc-heading-level-2'><a class=\"ez-toc-link ez-toc-heading-11\" href=\"https:\/\/www.opeluce.com.pe\/blog\/cuidados-de-la-vista\/#%C2%BFCuales_son_los_cuidados_de_la_vista_a_largo_plazo\" title=\"\u00bfCu\u00e1les son los cuidados de la vista a largo plazo?\">\u00bfCu\u00e1les son los cuidados de la vista a largo plazo?<\/a><\/li><li class='ez-toc-page-1 ez-toc-heading-level-2'><a class=\"ez-toc-link ez-toc-heading-12\" href=\"https:\/\/www.opeluce.com.pe\/blog\/cuidados-de-la-vista\/#Senales_de_alerta_que_indican_que_necesitas_una_evaluacion_oftalmologica\" title=\"Se\u00f1ales de alerta que indican que necesitas una evaluaci\u00f3n oftalmol\u00f3gica\">Se\u00f1ales de alerta que indican que necesitas una evaluaci\u00f3n oftalmol\u00f3gica<\/a><\/li><li class='ez-toc-page-1 ez-toc-heading-level-2'><a class=\"ez-toc-link ez-toc-heading-13\" href=\"https:\/\/www.opeluce.com.pe\/blog\/cuidados-de-la-vista\/#Preguntas_frecuentes_sobre_los_cuidados_de_la_vista\" title=\"Preguntas frecuentes sobre los cuidados de la vista\">Preguntas frecuentes sobre los cuidados de la vista<\/a><\/li><li class='ez-toc-page-1 ez-toc-heading-level-2'><a class=\"ez-toc-link ez-toc-heading-14\" href=\"https:\/\/www.opeluce.com.pe\/blog\/cuidados-de-la-vista\/#Cuidados_de_la_vista_como_proteger_tu_vision_en_la_era_digital\" title=\"Cuidados de la vista: c\u00f3mo proteger tu visi\u00f3n en la era digital\">Cuidados de la vista: c\u00f3mo proteger tu visi\u00f3n en la era digital<\/a><\/li><\/ul><\/nav><\/div>\n<p><span style=\"font-weight: 400;\">Los <\/span><strong>cuidados de la vista<\/strong><span style=\"font-weight: 400;\"> ya no son solo una recomendaci\u00f3n para adultos mayores. Hoy, la fatiga visual digital y la exposici\u00f3n constante a la radiaci\u00f3n solar est\u00e1n afectando la salud ocular desde edades cada vez m\u00e1s tempranas. Muchas personas conviven con visi\u00f3n borrosa ocasional, ojos secos o sensibilidad a la luz sin preguntarse si esos s\u00edntomas podr\u00edan prevenirse.<\/span><\/p>\n<p><span style=\"font-weight: 400;\">Entender <\/span><strong>cu\u00e1les son los cuidados de la vista<\/strong><span style=\"font-weight: 400;\"> adecuados en la era de las pantallas y c\u00f3mo proteger los ojos frente a los rayos UV es fundamental para evitar un desgaste visual innecesario. Existen <\/span><strong>formas de cuidar la vista<\/strong><span style=\"font-weight: 400;\"> que van m\u00e1s all\u00e1 de \u201cdescansar la mirada\u201d y que pueden marcar una diferencia real en la calidad de vida.<\/span><\/p>\n<p><span style=\"font-weight: 400;\">En este art\u00edculo exploraremos c\u00f3mo la tecnolog\u00eda y el entorno influyen en la salud ocular, qu\u00e9 medidas respaldadas por la oftalmolog\u00eda ayudan a prevenir complicaciones y por qu\u00e9 una evaluaci\u00f3n profesional puede ser clave para mantener una visi\u00f3n saludable a largo plazo.\u00a0 <\/span><\/p>\n<p><a href=\"https:\/\/www.opeluce.com.pe\/especialidades\/\">\u25b6 Agenda tu cita con un especialista en salud visual en Opeluce<\/a><\/p>\n<h2><span class=\"ez-toc-section\" id=\"%C2%BFPor_que_son_fundamentales_los_cuidados_de_la_vista_hoy\"><\/span><b>\u00bfPor qu\u00e9 son fundamentales los cuidados de la vista hoy?<\/b><span class=\"ez-toc-section-end\"><\/span><\/h2>\n<p><span style=\"font-weight: 400;\">Los <\/span><strong>cuidados de la vista<\/strong><span style=\"font-weight: 400;\"> se han vuelto esenciales porque nuestro entorno visual ha cambiado radicalmente en los \u00faltimos a\u00f1os. Pasamos m\u00e1s tiempo en espacios cerrados, frente a pantallas y con iluminaci\u00f3n artificial constante. La forma en que usamos nuestros ojos hoy no es la misma que hace una o dos d\u00e9cadas.<\/span><\/p>\n<p><span style=\"font-weight: 400;\">El <\/span><strong>uso intensivo de dispositivos digitales<\/strong><span style=\"font-weight: 400;\"> es parte de la rutina diaria. Computadoras, celulares, tablets y televisores forman parte del trabajo, el estudio y el entretenimiento. Este esfuerzo visual continuo obliga a los ojos a mantener un enfoque cercano durante horas, lo que puede generar <\/span><strong>fatiga visual<\/strong><span style=\"font-weight: 400;\">, sequedad y molestias recurrentes si no se adoptan medidas preventivas.<\/span><\/p>\n<p><span style=\"font-weight: 400;\">A esto se suma la <\/span><strong>exposici\u00f3n solar acumulativa<\/strong><span style=\"font-weight: 400;\">. Muchas personas no consideran que la radiaci\u00f3n ultravioleta tambi\u00e9n afecta los ojos, incluso en d\u00edas nublados. El da\u00f1o no suele sentirse de inmediato, pero se acumula con el tiempo y puede influir en la salud ocular a largo plazo.<\/span><\/p>\n<p><span style=\"font-weight: 400;\">Como resultado, cada vez es m\u00e1s com\u00fan observar molestias visuales tanto en j\u00f3venes como en adultos. Ojos secos, visi\u00f3n borrosa ocasional o sensibilidad a la luz ya no son s\u00edntomas exclusivos de una etapa avanzada de la vida. Por eso, entender <\/span><strong>cu\u00e1les son los cuidados de la vista<\/strong><span style=\"font-weight: 400;\"> adecuados y aplicarlos de manera constante es una forma responsable de proteger la visi\u00f3n.<\/span><\/p>\n<p><span style=\"font-weight: 400;\">Adoptar h\u00e1bitos preventivos no significa vivir con preocupaci\u00f3n, sino tomar decisiones informadas. Cuidar los ojos hoy ayuda a mantener una visi\u00f3n saludable ma\u00f1ana.<\/span><\/p>\n<p><a href=\"https:\/\/www.opeluce.com.pe\/reservar-cita\/\">\u25b6 Si presentas molestias frecuentes en la vista, agenda una evaluaci\u00f3n en Opeluce<\/a><\/p>\n<h2><span class=\"ez-toc-section\" id=\"Fatiga_visual_digital_que_es_y_por_que_ocurre\"><\/span><b>Fatiga visual digital: qu\u00e9 es y por qu\u00e9 ocurre<\/b><span class=\"ez-toc-section-end\"><\/span><\/h2>\n<p><span style=\"font-weight: 400;\">La <\/span><strong>fatiga visual digital<\/strong> <span style=\"font-weight: 400;\">es uno de los problemas m\u00e1s frecuentes en la actualidad. No se trata de una enfermedad en s\u00ed misma, sino de un conjunto de s\u00edntomas que aparecen cuando los ojos trabajan de forma continua frente a pantallas durante periodos prolongados.<\/span><\/p>\n<p><span style=\"font-weight: 400;\">En un entorno donde el trabajo, el estudio y el entretenimiento dependen de dispositivos electr\u00f3nicos, entender c\u00f3mo se produce este cansancio ocular es parte fundamental de los <\/span><strong>cuidados de la vista<\/strong><span style=\"font-weight: 400;\">.<\/span><\/p>\n<h3><span class=\"ez-toc-section\" id=\"%C2%BFQue_es_la_fatiga_visual_digital\"><\/span><b>\u00bfQu\u00e9 es la fatiga visual digital?<\/b><span class=\"ez-toc-section-end\"><\/span><\/h3>\n<p><span style=\"font-weight: 400;\">La <\/span><strong>fatiga visual digital<\/strong><span style=\"font-weight: 400;\"> es la respuesta del sistema visual al esfuerzo sostenido frente a pantallas. Desde el punto de vista cl\u00ednico, ocurre cuando los ojos mantienen un enfoque constante a corta distancia durante mucho tiempo.<\/span><\/p>\n<p><span style=\"font-weight: 400;\">Este proceso implica un trabajo continuo del mecanismo de acomodaci\u00f3n, que es la capacidad del ojo para ajustar el enfoque y ver con claridad objetos cercanos. Cuando ese esfuerzo se prolonga sin pausas adecuadas, los m\u00fasculos encargados del enfoque pueden fatigarse.<\/span><\/p>\n<p><span style=\"font-weight: 400;\">El impacto del enfoque prolongado a corta distancia no siempre es inmediato, pero con el paso de las horas puede generar molestias acumulativas. Los ojos no est\u00e1n dise\u00f1ados para fijar la mirada en un punto cercano durante tantas horas seguidas sin descanso.<\/span><\/p>\n<h3><span class=\"ez-toc-section\" id=\"Sintomas_mas_frecuentes\"><\/span><b>S\u00edntomas m\u00e1s frecuentes<\/b><span class=\"ez-toc-section-end\"><\/span><\/h3>\n<p><span style=\"font-weight: 400;\">Los s\u00edntomas de la fatiga visual digital suelen aparecer al final de la jornada o despu\u00e9s de varias horas frente a pantallas. Los m\u00e1s comunes incluyen:<\/span><\/p>\n<ul>\n<li style=\"font-weight: 400;\" aria-level=\"1\"><a href=\"https:\/\/www.opeluce.com.pe\/blog\/ojo-seco\/\">Ojos secos<\/a><span style=\"font-weight: 400;\">, causados por una menor frecuencia de parpadeo.<\/span><\/li>\n<li style=\"font-weight: 400;\" aria-level=\"1\"><a href=\"https:\/\/www.opeluce.com.pe\/blog\/vision-borrosa\/\">Visi\u00f3n borrosa temporal<\/a><span style=\"font-weight: 400;\">, que mejora tras descansar la vista.<\/span><\/li>\n<li style=\"font-weight: 400;\" aria-level=\"1\"><strong>Dolor de cabeza<\/strong><span style=\"font-weight: 400;\">, especialmente en la zona frontal.<\/span><\/li>\n<li style=\"font-weight: 400;\" aria-level=\"1\"><a href=\"https:\/\/www.opeluce.com.pe\/blog\/ojo-rojo\/\">Enrojecimiento ocular<\/a><span style=\"font-weight: 400;\">, asociado al esfuerzo visual.<\/span><\/li>\n<li style=\"font-weight: 400;\" aria-level=\"1\"><strong>Sensaci\u00f3n de pesadez o cansancio en los ojos<\/strong><span style=\"font-weight: 400;\">, como si costara mantenerlos abiertos.<\/span><\/li>\n<\/ul>\n<p><span style=\"font-weight: 400;\">Estos s\u00edntomas suelen ser reversibles cuando se adoptan medidas adecuadas, pero ignorarlos de forma constante puede afectar el bienestar visual.<\/span><\/p>\n<h3><span class=\"ez-toc-section\" id=\"%C2%BFPor_que_se_produce_la_fatiga_visual_digital\"><\/span><b>\u00bfPor qu\u00e9 se produce la fatiga visual digital?<\/b><span class=\"ez-toc-section-end\"><\/span><\/h3>\n<p><span style=\"font-weight: 400;\">La fatiga visual digital no aparece por una sola causa. Generalmente es el resultado de varios factores combinados. Uno de los principales es la <\/span><strong>disminuci\u00f3n del parpadeo<\/strong><span style=\"font-weight: 400;\">. Frente a una pantalla, parpadeamos hasta un 50% menos de lo normal. Esto favorece la evaporaci\u00f3n de la pel\u00edcula lagrimal y provoca sequedad.<\/span><\/p>\n<p><span style=\"font-weight: 400;\">La <\/span><strong>iluminaci\u00f3n inadecuada<\/strong><span style=\"font-weight: 400;\"> tambi\u00e9n influye. Un brillo excesivo o insuficiente obliga a los ojos a esforzarse m\u00e1s para mantener la claridad.<\/span><\/p>\n<p><span style=\"font-weight: 400;\">La exposici\u00f3n prolongada a la <\/span><strong>luz azul emitida por dispositivos digitales<\/strong><span style=\"font-weight: 400;\"> puede contribuir a la sensaci\u00f3n de fatiga, especialmente cuando no existen descansos visuales.<\/span><\/p>\n<p><span style=\"font-weight: 400;\">Por \u00faltimo, la <\/span><strong>postura incorrecta<\/strong><span style=\"font-weight: 400;\"> y una distancia inadecuada frente a la pantalla incrementan el esfuerzo ocular y muscular, generando mayor tensi\u00f3n.<\/span><\/p>\n<p><span style=\"font-weight: 400;\">Comprender por qu\u00e9 ocurre la fatiga visual digital permite adoptar <\/span><strong>formas de cuidar la vista<\/strong><span style=\"font-weight: 400;\"> m\u00e1s efectivas y prevenir molestias innecesarias en la rutina diaria.<\/span><\/p>\n<p><a href=\"https:\/\/www.opeluce.com.pe\/reservar-cita\/\">\u25b6 Agenda tu cita con nosotros y protege tu salud ocular hoy<\/a><\/p>\n<h2><span class=\"ez-toc-section\" id=\"Formas_de_cuidar_la_vista_frente_a_las_pantallas\"><\/span><b>Formas de cuidar la vista frente a las pantallas<\/b><span class=\"ez-toc-section-end\"><\/span><\/h2>\n<p><span style=\"font-weight: 400;\">Existen distintas <\/span><strong>formas de cuidar la vista<\/strong><span style=\"font-weight: 400;\"> cuando se trabaja o estudia frente a dispositivos digitales. No se trata solo de \u201cdescansar un poco\u201d, sino de aplicar medidas respaldadas por la fisiolog\u00eda ocular para reducir el esfuerzo visual y prevenir molestias a largo plazo.<\/span><\/p>\n<p><span style=\"font-weight: 400;\">Una de las recomendaciones m\u00e1s conocidas es la <\/span><strong>regla 20-20-20<\/strong><span style=\"font-weight: 400;\">. Cada 20 minutos, se sugiere mirar un objeto a unos 6 metros (20 pies) durante al menos 20 segundos. Desde el punto de vista cl\u00ednico, esta pausa permite relajar el mecanismo de acomodaci\u00f3n. Es decir, los m\u00fasculos que mantienen el enfoque cercano pueden descansar y recuperar su capacidad de ajuste.<\/span><\/p>\n<p><span style=\"font-weight: 400;\">La <\/span><strong>distancia adecuada frente a la pantalla<\/strong><span style=\"font-weight: 400;\"> tambi\u00e9n es fundamental. Mantener el monitor a una distancia aproximada de 50 a 70 cent\u00edmetros ayuda a disminuir la tensi\u00f3n ocular. Cuando el dispositivo est\u00e1 demasiado cerca, el esfuerzo acomodativo aumenta. Si est\u00e1 demasiado lejos, el usuario tiende a forzar la vista para compensar.<\/span><\/p>\n<p><span style=\"font-weight: 400;\">El <\/span><strong>ajuste correcto de brillo y contraste<\/strong><span style=\"font-weight: 400;\"> reduce la sobrecarga visual. Una pantalla demasiado brillante obliga a los ojos a adaptarse constantemente a cambios de luminosidad. Por el contrario, una iluminaci\u00f3n insuficiente tambi\u00e9n genera esfuerzo. Lo ideal es que la pantalla tenga un brillo similar al del entorno y que el contraste permita leer sin dificultad.<\/span><\/p>\n<p><span style=\"font-weight: 400;\">El <\/span><strong>parpadeo consciente<\/strong><span style=\"font-weight: 400;\"> es otra medida sencilla pero efectiva. Frente a pantallas, la frecuencia de parpadeo disminuye notablemente, lo que favorece la evaporaci\u00f3n de la pel\u00edcula lagrimal y provoca sequedad. Recordar parpadear de manera completa ayuda a mantener la superficie ocular lubricada y a reducir la irritaci\u00f3n.<\/span><\/p>\n<p><span style=\"font-weight: 400;\">Incorporar <\/span><strong>pausas activas<\/strong><span style=\"font-weight: 400;\"> no solo beneficia la postura corporal, sino tambi\u00e9n la salud visual. Levantarse, cambiar el enfoque y relajar la mirada durante algunos minutos permite que los ojos recuperen su equilibrio funcional. Estas pausas disminuyen la tensi\u00f3n acumulada y mejoran el confort visual.<\/span><\/p>\n<p><span style=\"font-weight: 400;\">En algunos casos, puede estar indicado el <\/span><strong>uso de lentes con filtros espec\u00edficos<\/strong><span style=\"font-weight: 400;\">, especialmente cuando existe un error refractivo o s\u00edntomas persistentes de fatiga. Estos filtros no reemplazan el descanso visual, pero pueden contribuir a mejorar el confort frente a la luz emitida por dispositivos digitales. Su indicaci\u00f3n debe ser personalizada y basada en una evaluaci\u00f3n profesional.<\/span><\/p>\n<p><span style=\"font-weight: 400;\">Por \u00faltimo, los <\/span><strong>controles visuales peri\u00f3dicos<\/strong><span style=\"font-weight: 400;\"> son parte esencial de los cuidados de la vista. Muchas molestias atribuidas a las pantallas pueden estar relacionadas con problemas de graduaci\u00f3n no corregidos o con condiciones como el ojo seco. Una <\/span><a href=\"https:\/\/www.opeluce.com.pe\/reservar-cita\/\">evaluaci\u00f3n oftalmol\u00f3gica<\/a> <span style=\"font-weight: 400;\">permite identificar estas causas y definir un manejo adecuado.<\/span><\/p>\n<p><span style=\"font-weight: 400;\">Adoptar estas medidas de manera constante ayuda a reducir la fatiga visual digital y a preservar la salud ocular en un entorno cada vez m\u00e1s demandante para los ojos.<\/span><\/p>\n<p><a href=\"https:\/\/www.opeluce.com.pe\/reservar-cita\/\">\u25b6 Reserva tu cita con un especialista en salud visual d\u00e1ndole clic aqu\u00ed<\/a><\/p>\n<h2><span class=\"ez-toc-section\" id=\"Proteccion_UV_un_cuidado_de_la_vista_que_muchos_ignoran\"><\/span><b>Protecci\u00f3n UV: un cuidado de la vista que muchos ignoran<\/b><span class=\"ez-toc-section-end\"><\/span><\/h2>\n<p><span style=\"font-weight: 400;\">Cuando hablamos de <\/span><strong>cuidados de la vista<\/strong><span style=\"font-weight: 400;\">, la mayor\u00eda piensa en pantallas o en graduaci\u00f3n de lentes. Sin embargo, la radiaci\u00f3n ultravioleta es uno de los factores ambientales que m\u00e1s influye en la salud ocular a largo plazo y, parad\u00f3jicamente, uno de los m\u00e1s subestimados.<\/span><\/p>\n<p><span style=\"font-weight: 400;\">La exposici\u00f3n solar no solo afecta la piel. Los ojos tambi\u00e9n reciben radiaci\u00f3n UV todos los d\u00edas, incluso cuando no lo notamos.<\/span><\/p>\n<h3><span class=\"ez-toc-section\" id=\"%C2%BFComo_afecta_la_radiacion_UV_a_los_ojos\"><\/span><b>\u00bfC\u00f3mo afecta la radiaci\u00f3n UV a los ojos?<\/b><span class=\"ez-toc-section-end\"><\/span><\/h3>\n<p><span style=\"font-weight: 400;\">La radiaci\u00f3n ultravioleta produce un <\/span><strong>da\u00f1o acumulativo<\/strong><span style=\"font-weight: 400;\">. No suele generar s\u00edntomas inmediatos en exposiciones cotidianas, pero con el tiempo puede alterar distintas estructuras del ojo.<\/span><\/p>\n<p><span style=\"font-weight: 400;\">Uno de los v\u00ednculos m\u00e1s conocidos es su relaci\u00f3n con el desarrollo de <\/span><a href=\"https:\/\/www.opeluce.com.pe\/blog\/cataratas-ojos\/\">cataratas<\/a><span style=\"font-weight: 400;\">. La exposici\u00f3n prolongada a rayos UV puede acelerar cambios en el cristalino, favoreciendo su opacificaci\u00f3n progresiva.<\/span><\/p>\n<p><span style=\"font-weight: 400;\">La <\/span><strong>c\u00f3rnea<\/strong><span style=\"font-weight: 400;\"> tambi\u00e9n puede verse afectada. Exposiciones intensas sin protecci\u00f3n, como en entornos de alta radiaci\u00f3n, pueden provocar irritaci\u00f3n, inflamaci\u00f3n e incluso lesiones temporales.<\/span><\/p>\n<p><span style=\"font-weight: 400;\">En niveles m\u00e1s profundos, la radiaci\u00f3n tambi\u00e9n puede influir en la <\/span><strong>retina<\/strong><span style=\"font-weight: 400;\">, especialmente cuando la exposici\u00f3n es sostenida y sin medidas de protecci\u00f3n adecuadas. Por eso, la prevenci\u00f3n no es opcional, sino parte fundamental de los cuidados de la vista a largo plazo.<\/span><\/p>\n<h3><span class=\"ez-toc-section\" id=\"%C2%BFCuando_estamos_mas_expuestos\"><\/span><b>\u00bfCu\u00e1ndo estamos m\u00e1s expuestos?<\/b><span class=\"ez-toc-section-end\"><\/span><\/h3>\n<p><span style=\"font-weight: 400;\">Muchas personas asocian el riesgo \u00fanicamente con la playa. Si bien es cierto que la radiaci\u00f3n es m\u00e1s intensa en entornos costeros por el reflejo de la arena y el agua, no es el \u00fanico escenario de exposici\u00f3n.<\/span><\/p>\n<p><span style=\"font-weight: 400;\">En la <\/span><strong>monta\u00f1a<\/strong><span style=\"font-weight: 400;\">, la radiaci\u00f3n aumenta con la altitud y puede ser incluso m\u00e1s intensa que al nivel del mar. Las <\/span><strong>actividades deportivas al aire libre<\/strong><span style=\"font-weight: 400;\">, como correr, ciclismo o caminatas prolongadas, implican varias horas de exposici\u00f3n directa.<\/span><\/p>\n<p><span style=\"font-weight: 400;\">Incluso en <\/span><strong>d\u00edas nublados<\/strong><span style=\"font-weight: 400;\">, hasta un porcentaje significativo de radiaci\u00f3n UV puede atravesar las nubes. Por eso, la sensaci\u00f3n t\u00e9rmica no siempre refleja el nivel real de exposici\u00f3n ocular.<\/span><\/p>\n<p><span style=\"font-weight: 400;\">Entender estos contextos ayuda a aplicar medidas preventivas de manera constante y no solo en vacaciones.<\/span><\/p>\n<h3><span class=\"ez-toc-section\" id=\"Medidas_efectivas_de_proteccion\"><\/span><b>Medidas efectivas de protecci\u00f3n<\/b><span class=\"ez-toc-section-end\"><\/span><\/h3>\n<p><span style=\"font-weight: 400;\">La protecci\u00f3n m\u00e1s importante es el uso de <\/span><strong>lentes con filtro UV certificado<\/strong><span style=\"font-weight: 400;\">. No se trata \u00fanicamente de lentes oscuros, sino de que cuenten con protecci\u00f3n comprobada frente a radiaci\u00f3n ultravioleta. Un lente sin filtro puede ser incluso contraproducente, ya que la pupila se dilata por la oscuridad y permite el ingreso de mayor radiaci\u00f3n.<\/span><\/p>\n<p><span style=\"font-weight: 400;\">La <\/span><strong>protecci\u00f3n f\u00edsica<\/strong><span style=\"font-weight: 400;\">, como el uso de sombreros o viseras, tambi\u00e9n ayuda a reducir la cantidad de luz directa que llega a los ojos.<\/span><\/p>\n<p><span style=\"font-weight: 400;\">Evitar la exposici\u00f3n en <\/span><strong>horas de radiaci\u00f3n intensa<\/strong><span style=\"font-weight: 400;\">, generalmente entre el final de la ma\u00f1ana y primeras horas de la tarde, es otra medida sencilla pero efectiva.<\/span><\/p>\n<p><span style=\"font-weight: 400;\">En el caso de los <\/span>ni\u00f1os<span style=\"font-weight: 400;\">, la protecci\u00f3n es a\u00fan m\u00e1s importante. Sus ojos son m\u00e1s sensibles a la radiaci\u00f3n y suelen pasar m\u00e1s tiempo al aire libre. Incorporar el uso de lentes con filtro UV desde edades tempranas es una de las formas de cuidar la vista que m\u00e1s impacto tiene a futuro.<\/span><\/p>\n<p><span style=\"font-weight: 400;\">La protecci\u00f3n frente a la radiaci\u00f3n solar no debe considerarse un h\u00e1bito estacional, sino parte integral de una estrategia preventiva para preservar la salud ocular durante toda la vida.<\/span><\/p>\n<h2><span class=\"ez-toc-section\" id=\"%C2%BFCuales_son_los_cuidados_de_la_vista_a_largo_plazo\"><\/span><b>\u00bfCu\u00e1les son los cuidados de la vista a largo plazo?<\/b><span class=\"ez-toc-section-end\"><\/span><\/h2>\n<p><span style=\"font-weight: 400;\">Cuando hablamos de prevenci\u00f3n, muchas personas se preguntan <\/span><strong>cu\u00e1les son los cuidados de la vista<\/strong><span style=\"font-weight: 400;\"> que realmente protegen la salud ocular con el paso de los a\u00f1os. A largo plazo, el cuidado visual es acumulativo y requiere constancia.<\/span> <span style=\"font-weight: 400;\">Entre los principales pilares se encuentran:<\/span><\/p>\n<ul>\n<li style=\"font-weight: 400;\" aria-level=\"1\"><strong>Controles oftalmol\u00f3gicos anuales<\/strong><b><br \/>\n<\/b><span style=\"font-weight: 400;\">Permiten detectar cambios en la graduaci\u00f3n, alteraciones en la superficie ocular o enfermedades que pueden avanzar sin s\u00edntomas evidentes. La detecci\u00f3n temprana mejora el pron\u00f3stico visual.<\/span><\/li>\n<li style=\"font-weight: 400;\" aria-level=\"1\"><strong>Evitar la automedicaci\u00f3n<\/strong><b><br \/>\n<\/b><span style=\"font-weight: 400;\">El uso de gotas sin indicaci\u00f3n m\u00e9dica puede aliviar moment\u00e1neamente, pero tambi\u00e9n enmascarar problemas o generar efectos secundarios. Cada s\u00edntoma ocular necesita una evaluaci\u00f3n adecuada.<\/span><\/li>\n<li style=\"font-weight: 400;\" aria-level=\"1\"><strong>Control de enfermedades sist\u00e9micas<\/strong><b><br \/>\n<\/b><span style=\"font-weight: 400;\">Condiciones como la diabetes o la hipertensi\u00f3n pueden afectar estructuras internas del ojo. Mantenerlas bajo supervisi\u00f3n m\u00e9dica protege la visi\u00f3n a largo plazo.<\/span><\/li>\n<li style=\"font-weight: 400;\" aria-level=\"1\"><strong>Alimentaci\u00f3n equilibrada<\/strong><b><br \/>\n<\/b><span style=\"font-weight: 400;\">Nutrientes como antioxidantes, vitamina A, vitamina C, vitamina E y \u00e1cidos grasos omega-3 contribuyen al mantenimiento de tejidos oculares saludables y al adecuado funcionamiento visual.<\/span><\/li>\n<li style=\"font-weight: 400;\" aria-level=\"1\"><strong>Protecci\u00f3n ocular en trabajos o actividades de riesgo<\/strong><b><br \/>\n<\/b><span style=\"font-weight: 400;\">El uso de gafas de seguridad previene lesiones en la c\u00f3rnea y otras estructuras oculares frente a part\u00edculas, qu\u00edmicos o radiaci\u00f3n intensa.<\/span><\/li>\n<li style=\"font-weight: 400;\" aria-level=\"1\"><strong>Seguimiento especializado seg\u00fan la edad y antecedentes<\/strong><b><br \/>\n<\/b><span style=\"font-weight: 400;\">Las necesidades visuales cambian con el tiempo. Una evaluaci\u00f3n personalizada permite ajustar recomendaciones y prevenir complicaciones.<\/span><\/li>\n<\/ul>\n<p><span style=\"font-weight: 400;\">El cuidado de la vista no es una acci\u00f3n aislada. Es una suma de decisiones sostenidas en el tiempo que influyen directamente en la calidad visual futura.<\/span><\/p>\n<h2><span class=\"ez-toc-section\" id=\"Senales_de_alerta_que_indican_que_necesitas_una_evaluacion_oftalmologica\"><\/span><b>Se\u00f1ales de alerta que indican que necesitas una evaluaci\u00f3n oftalmol\u00f3gica<\/b><span class=\"ez-toc-section-end\"><\/span><\/h2>\n<p><span style=\"font-weight: 400;\">No todas las molestias visuales significan una enfermedad grave, pero s\u00ed pueden ser una se\u00f1al de que algo necesita atenci\u00f3n. Parte de los <\/span><strong>cuidados de la vista<\/strong><span style=\"font-weight: 400;\"> consiste en reconocer cu\u00e1ndo los s\u00edntomas dejan de ser ocasionales y empiezan a repetirse con frecuencia.<\/span><\/p>\n<p><span style=\"font-weight: 400;\">La <\/span><strong>visi\u00f3n borrosa persistente<\/strong><span style=\"font-weight: 400;\"> es una de las se\u00f1ales m\u00e1s importantes. Si la falta de nitidez no mejora con descanso o con el uso habitual de lentes, puede indicar un cambio en la graduaci\u00f3n o una alteraci\u00f3n que requiere evaluaci\u00f3n profesional.<\/span><\/p>\n<p><span style=\"font-weight: 400;\">Los <\/span><strong>cambios bruscos en la graduaci\u00f3n<\/strong><span style=\"font-weight: 400;\"> tambi\u00e9n deben ser revisados. Cuando la necesidad de ajustar los lentes se vuelve constante en poco tiempo, es recomendable realizar un examen completo para descartar causas subyacentes.<\/span><\/p>\n<p><span style=\"font-weight: 400;\">El <\/span><strong>dolor ocular frecuente<\/strong><span style=\"font-weight: 400;\"> no debe normalizarse. Aunque muchas veces se relaciona con fatiga visual digital, cuando aparece de manera repetitiva merece una valoraci\u00f3n para identificar su origen.<\/span><\/p>\n<p><span style=\"font-weight: 400;\">La <\/span><strong>sensibilidad exagerada a la luz<\/strong><span style=\"font-weight: 400;\"> puede ser otra se\u00f1al relevante. Si las luces habituales resultan molestas o generan incomodidad constante, conviene revisar el estado ocular.<\/span><\/p>\n<p><span style=\"font-weight: 400;\">Finalmente, la <\/span><strong>fatiga constante<\/strong><span style=\"font-weight: 400;\">, incluso despu\u00e9s de pausas o descanso, puede indicar que los ojos est\u00e1n realizando un esfuerzo mayor al necesario, ya sea por un problema de graduaci\u00f3n, sequedad ocular u otra condici\u00f3n.<\/span><\/p>\n<p><span style=\"font-weight: 400;\">Consultar a tiempo permite detectar alteraciones en etapas iniciales y definir un manejo adecuado. Una evaluaci\u00f3n oftalmol\u00f3gica no solo busca tratar problemas, sino tambi\u00e9n prevenirlos. En <strong>Opeluce<\/strong>, el enfoque es integral y personalizado, orientado a proteger la salud visual de manera responsable y sin alarmismos innecesarios.<\/span><\/p>\n<p><a href=\"https:\/\/www.opeluce.com.pe\/reservar-cita\/\">\u25b6 Agenda tu cita con nosotros y protege tu salud ocular hoy<\/a><\/p>\n<h2><span class=\"ez-toc-section\" id=\"Preguntas_frecuentes_sobre_los_cuidados_de_la_vista\"><\/span><b>Preguntas frecuentes sobre los cuidados de la vista<\/b><span class=\"ez-toc-section-end\"><\/span><\/h2>\n<p><strong>\u00bfCu\u00e1ntas horas frente a pantallas afectan la vista?<\/strong><br \/>\n<span style=\"font-weight: 400;\">No existe un n\u00famero exacto de horas que \u201cda\u00f1e\u201d la vista de forma inmediata. El problema no es solo el tiempo, sino la falta de pausas y la exposici\u00f3n continua sin medidas preventivas. Jornadas prolongadas frente a pantallas pueden generar fatiga visual digital si no se aplican descansos adecuados y ajustes ergon\u00f3micos.<\/span><\/p>\n<p><strong>\u00bfLa luz azul da\u00f1a permanentemente los ojos?<\/strong><br \/>\n<span style=\"font-weight: 400;\">La evidencia actual indica que la luz azul emitida por dispositivos digitales no produce da\u00f1o permanente directo en la retina en condiciones normales de uso. Sin embargo, puede contribuir a la fatiga visual y alterar el ritmo del sue\u00f1o si se utiliza en exceso, especialmente en la noche.<\/span><\/p>\n<p><strong>\u00bfLos ni\u00f1os deben usar lentes con filtro UV?<\/strong><br \/>\n<span style=\"font-weight: 400;\">S\u00ed. Los ojos de los ni\u00f1os son m\u00e1s sensibles a la radiaci\u00f3n ultravioleta. El uso de lentes con filtro UV certificado cuando est\u00e1n al aire libre es una medida preventiva importante dentro de los cuidados de la vista a largo plazo.<\/span><\/p>\n<p><strong>\u00bfCada cu\u00e1nto debo hacerme un examen visual?<\/strong><br \/>\n<span style=\"font-weight: 400;\">En adultos sin s\u00edntomas ni antecedentes, se recomienda una evaluaci\u00f3n oftalmol\u00f3gica al menos una vez al a\u00f1o o seg\u00fan indicaci\u00f3n m\u00e9dica. En ni\u00f1os, personas con enfermedades sist\u00e9micas o usuarios frecuentes de pantallas, el seguimiento puede requerir mayor frecuencia.<\/span><\/p>\n<p><strong>\u00bfLa fatiga visual digital causa da\u00f1o permanente?<\/strong><br \/>\n<span style=\"font-weight: 400;\">En la mayor\u00eda de los casos, la fatiga visual digital no produce da\u00f1o permanente. Es un problema funcional relacionado con el esfuerzo visual prolongado. Sin embargo, ignorar los s\u00edntomas de forma constante puede afectar la calidad de vida y enmascarar problemas refractivos no corregidos.<\/span><\/p>\n<p><strong>\u00bfCu\u00e1les son los cuidados de la vista m\u00e1s importantes en adultos j\u00f3venes?<\/strong><br \/>\n<span style=\"font-weight: 400;\">En adultos j\u00f3venes, los cuidados de la vista m\u00e1s relevantes incluyen pausas frente a pantallas, protecci\u00f3n UV diaria, evaluaci\u00f3n oftalmol\u00f3gica peri\u00f3dica y evitar la automedicaci\u00f3n. La prevenci\u00f3n en esta etapa es clave para preservar la salud visual a largo plazo.<\/span><\/p>\n<h2><span class=\"ez-toc-section\" id=\"Cuidados_de_la_vista_como_proteger_tu_vision_en_la_era_digital\"><\/span><b>Cuidados de la vista: c\u00f3mo proteger tu visi\u00f3n en la era digital<\/b><span class=\"ez-toc-section-end\"><\/span><\/h2>\n<p><span style=\"font-weight: 400;\">Los <\/span><strong>cuidados de la vista<\/strong><span style=\"font-weight: 400;\"> no deber\u00edan comenzar cuando la visi\u00f3n ya se ha deteriorado. La mayor\u00eda de las molestias visuales aparecen de forma progresiva. Primero son leves. Luego se vuelven frecuentes. Y muchas veces se normalizan hasta que afectan actividades cotidianas como leer, trabajar o conducir.<\/span><\/p>\n<p><span style=\"font-weight: 400;\">Hoy sabemos que la fatiga visual digital y la exposici\u00f3n a la radiaci\u00f3n UV forman parte del entorno diario. No podemos eliminarlas, pero s\u00ed podemos gestionarlas con h\u00e1bitos adecuados y supervisi\u00f3n profesional. Esa es la diferencia entre reaccionar tarde y prevenir a tiempo.<\/span><\/p>\n<p><span style=\"font-weight: 400;\">Saber <\/span><strong>cu\u00e1les son los cuidados de la vista<\/strong><span style=\"font-weight: 400;\"> adecuados para tu rutina permite proteger tu salud ocular de forma consciente. Y aunque las medidas preventivas ayudan, nada reemplaza una evaluaci\u00f3n oftalmol\u00f3gica completa que confirme que todo est\u00e1 funcionando correctamente.<\/span><\/p>\n<p><span style=\"font-weight: 400;\">Si has notado cansancio ocular frecuente, cambios en tu visi\u00f3n o simplemente deseas un control preventivo, en <\/span><strong>Opeluce<\/strong><span style=\"font-weight: 400;\"> encontrar\u00e1s una atenci\u00f3n especializada y personalizada.<\/span><\/p>\n<p><a href=\"https:\/\/www.opeluce.com.pe\/reservar-cita\/\">\u25b6 Reserva tu cita online hoy mismo<\/a><\/p>\n<p><a href=\"https:\/\/oftalmosalud.pe\/especialidades\/glaucoma\/\" target=\"_blank\" rel=\"noopener\">\u25b6<\/a> <a href=\"https:\/\/www.opeluce.com.pe\/especialidades\/\">Conoce m\u00e1s sobre nuestras especialidades en oftalmolog\u00eda<\/a><\/p>\n","protected":false},"excerpt":{"rendered":"<p>Los cuidados de la vista ya no son solo una recomendaci\u00f3n para adultos mayores. Hoy, la fatiga visual digital y la exposici\u00f3n constante a la radiaci\u00f3n solar est\u00e1n afectando la salud ocular desde edades cada vez m\u00e1s tempranas. Muchas personas conviven con visi\u00f3n borrosa ocasional, ojos secos o sensibilidad a la luz sin preguntarse si [&hellip;]<\/p>\n","protected":false},"author":4,"featured_media":3249,"comment_status":"open","ping_status":"open","sticky":false,"template":"","format":"standard","meta":{"_acf_changed":false,"footnotes":""},"categories":[4],"tags":[],"class_list":["post-3248","post","type-post","status-publish","format-standard","has-post-thumbnail","hentry","category-noticias"],"acf":[],"_links":{"self":[{"href":"https:\/\/www.opeluce.com.pe\/blog\/wp-json\/wp\/v2\/posts\/3248","targetHints":{"allow":["GET"]}}],"collection":[{"href":"https:\/\/www.opeluce.com.pe\/blog\/wp-json\/wp\/v2\/posts"}],"about":[{"href":"https:\/\/www.opeluce.com.pe\/blog\/wp-json\/wp\/v2\/types\/post"}],"author":[{"embeddable":true,"href":"https:\/\/www.opeluce.com.pe\/blog\/wp-json\/wp\/v2\/users\/4"}],"replies":[{"embeddable":true,"href":"https:\/\/www.opeluce.com.pe\/blog\/wp-json\/wp\/v2\/comments?post=3248"}],"version-history":[{"count":4,"href":"https:\/\/www.opeluce.com.pe\/blog\/wp-json\/wp\/v2\/posts\/3248\/revisions"}],"predecessor-version":[{"id":3253,"href":"https:\/\/www.opeluce.com.pe\/blog\/wp-json\/wp\/v2\/posts\/3248\/revisions\/3253"}],"wp:featuredmedia":[{"embeddable":true,"href":"https:\/\/www.opeluce.com.pe\/blog\/wp-json\/wp\/v2\/media\/3249"}],"wp:attachment":[{"href":"https:\/\/www.opeluce.com.pe\/blog\/wp-json\/wp\/v2\/media?parent=3248"}],"wp:term":[{"taxonomy":"category","embeddable":true,"href":"https:\/\/www.opeluce.com.pe\/blog\/wp-json\/wp\/v2\/categories?post=3248"},{"taxonomy":"post_tag","embeddable":true,"href":"https:\/\/www.opeluce.com.pe\/blog\/wp-json\/wp\/v2\/tags?post=3248"}],"curies":[{"name":"wp","href":"https:\/\/api.w.org\/{rel}","templated":true}]}}